{"id":3591,"date":"2025-03-31T00:13:41","date_gmt":"2025-03-31T03:13:41","guid":{"rendered":"https:\/\/elfaroonline.com.ar\/?p=3591"},"modified":"2025-03-31T00:13:41","modified_gmt":"2025-03-31T03:13:41","slug":"pasos-con-historia-regreso-con-relatos-y-leyendas-misteriosas-de-catamarca","status":"publish","type":"post","link":"https:\/\/elfaroonline.com.ar\/index.php\/2025\/03\/31\/pasos-con-historia-regreso-con-relatos-y-leyendas-misteriosas-de-catamarca\/","title":{"rendered":"&#8220;Pasos con historia&#8221; regres\u00f3 con relatos y leyendas misteriosas de Catamarca"},"content":{"rendered":"<p class=\"v1MsoNormal\">La noche del viernes estuvo misteriosa en el caso c\u00e9ntrico de la ciudad Capital por la realizaci\u00f3n del primer encuentro del ciclo de paseos patrimoniales &#8220;Pasos con historia&#8221;, que comenz\u00f3 su temporada 2025 con relatos y leyendas de la plaza 25 de Mayo.<\/p>\n<p class=\"v1MsoNormal\">Esta primera cita con los paseos hist\u00f3ricos y cont\u00f3 con una amplia convocatoria de p\u00fablico de todas las edades, \u00e1vidos de conocer m\u00e1s acerca de los acontecimientos catamarque\u00f1os que no est\u00e1n registrados en la historia oficial.<\/p>\n<p class=\"v1MsoNormal\">El punto de partida del circuito, que estuvo guiado por el profesor Carlos Carabajal, fue el Paseo de la Fe y comenz\u00f3 con relatos de tragedia familiar vinculados con el arquitecto italiano Luis Caravati y la Catedral. Carabajal fue el encargado de hilvanar relatos y leyendas rescatadas de la narrativa oral y el conocimiento popular sobre la historia y la cultura de Catamarca.<\/p>\n<p class=\"v1MsoNormal\">&#8220;Con esta actividad queremos rescatar historias surgidas luego de unir la literatura, el periodismo con la realidad, el boca a boca, el misterio de porqu\u00e9 no se habla de ciertas cosas que est\u00e1n en el inconsciente colectivo&#8221; explic\u00f3 Carabajal a los asistentes. Algunos de ellos aportaron datos y otros recordaron el momento en el que sucedieron esos hechos.<\/p>\n<p class=\"v1MsoNormal\">El recorrido abarc\u00f3 relatos desconocidos vinculados con el rol de la iglesia, la pol\u00edtica y la cultura en determinados momentos de la historia argentina que sucedieron en el casco c\u00e9ntrico de la Capital, y que tuvieron como escenarios la iglesia matriz en 1747, donde hoy se encuentra la catedral; el edificio donde funcionaba la Casa de Gobierno; en el momento de la construcci\u00f3n del Cine Teatro Catamarca, y otras historias ocurridas en bares tradicionales como el Richmond y el bar Cristal.<\/p>\n<p class=\"v1MsoNormal\">&#8220;Nos sumamos a este paseo porque te muestra c\u00f3mo se forj\u00f3 la historia catamarque\u00f1a. Nosotros estamos acostumbrados a la historia oficial que leemos en los libros y este tipo de charlas tambi\u00e9n hace a la cultura, a nuestra forma de ser a nuestra idiosincrasia, adem\u00e1s me llam\u00f3 mucho la atenci\u00f3n la importancia que tienen los espacios p\u00fablicos en especial, casi todos los relatos se daban en espacios p\u00fablicos&#8221;, expresaron Jos\u00e9 y Diego tras realizar el recorrido.<\/p>\n<p class=\"v1MsoNormal\">&#8220;Pasos con Historia&#8221; es una iniciativa impulsada por la Direcci\u00f3n de Patrimonio y Museos, dependiente de la Secretar\u00eda de Gesti\u00f3n Cultural del Ministerio de Cultura, Turismo y Deporte, cuyo principal objetivo es nutrir a los visitantes con la rica historia de los espacios y edificios hist\u00f3ricos de la ciudad y de distintos puntos de la provincia. En un recorrido ameno y educativo, que el a\u00f1o pasado recorri\u00f3 distintas instituciones y localidades cercanas a la ciudad Capital. La finalidad de este ciclo es desentra\u00f1ar la memoria viva de cada uno de los lugares que recorre.<\/p>\n","protected":false},"excerpt":{"rendered":"<p>La noche del viernes estuvo misteriosa en el caso c\u00e9ntrico de la ciudad Capital por la realizaci\u00f3n del primer encuentro del ciclo de paseos patrimoniales &#8220;Pasos con historia&#8221;, que comenz\u00f3 su temporada 2025 con relatos y leyendas de la plaza 25 de Mayo. Esta primera cita con los paseos hist\u00f3ricos y cont\u00f3 con una amplia [&hellip;]<\/p>\n","protected":false},"author":2,"featured_media":3592,"comment_status":"open","ping_status":"open","sticky":false,"template":"","format":"standard","meta":{"footnotes":""},"categories":[20],"tags":[],"class_list":{"0":"post-3591","1":"post","2":"type-post","3":"status-publish","4":"format-standard","5":"has-post-thumbnail","7":"category-sociedad"},"aioseo_notices":[],"_links":{"self":[{"href":"https:\/\/elfaroonline.com.ar\/index.php\/wp-json\/wp\/v2\/posts\/3591","targetHints":{"allow":["GET"]}}],"collection":[{"href":"https:\/\/elfaroonline.com.ar\/index.php\/wp-json\/wp\/v2\/posts"}],"about":[{"href":"https:\/\/elfaroonline.com.ar\/index.php\/wp-json\/wp\/v2\/types\/post"}],"author":[{"embeddable":true,"href":"https:\/\/elfaroonline.com.ar\/index.php\/wp-json\/wp\/v2\/users\/2"}],"replies":[{"embeddable":true,"href":"https:\/\/elfaroonline.com.ar\/index.php\/wp-json\/wp\/v2\/comments?post=3591"}],"version-history":[{"count":1,"href":"https:\/\/elfaroonline.com.ar\/index.php\/wp-json\/wp\/v2\/posts\/3591\/revisions"}],"predecessor-version":[{"id":3593,"href":"https:\/\/elfaroonline.com.ar\/index.php\/wp-json\/wp\/v2\/posts\/3591\/revisions\/3593"}],"wp:featuredmedia":[{"embeddable":true,"href":"https:\/\/elfaroonline.com.ar\/index.php\/wp-json\/wp\/v2\/media\/3592"}],"wp:attachment":[{"href":"https:\/\/elfaroonline.com.ar\/index.php\/wp-json\/wp\/v2\/media?parent=3591"}],"wp:term":[{"taxonomy":"category","embeddable":true,"href":"https:\/\/elfaroonline.com.ar\/index.php\/wp-json\/wp\/v2\/categories?post=3591"},{"taxonomy":"post_tag","embeddable":true,"href":"https:\/\/elfaroonline.com.ar\/index.php\/wp-json\/wp\/v2\/tags?post=3591"}],"curies":[{"name":"wp","href":"https:\/\/api.w.org\/{rel}","templated":true}]}}