{"id":3597,"date":"2025-03-31T00:12:52","date_gmt":"2025-03-31T03:12:52","guid":{"rendered":"https:\/\/elfaroonline.com.ar\/?p=3597"},"modified":"2025-03-31T00:12:52","modified_gmt":"2025-03-31T03:12:52","slug":"energia-limpia-olivas-al-mundo-inauguro-sistema-de-paneles-solares-que-optimiza-la-produccion-olivicola","status":"publish","type":"post","link":"https:\/\/elfaroonline.com.ar\/index.php\/2025\/03\/31\/energia-limpia-olivas-al-mundo-inauguro-sistema-de-paneles-solares-que-optimiza-la-produccion-olivicola\/","title":{"rendered":"Energ\u00eda limpia: Olivas al Mundo inaugur\u00f3 sistema de paneles solares que optimiza la producci\u00f3n oliv\u00edcola"},"content":{"rendered":"<div>\n<p class=\"v1MsoNormal\">El gobernador Ra\u00fal Jalil junto al ministro de Inclusi\u00f3n Digital y Sistemas Productivos, Juan Cruz Miranda, participaron de la inauguraci\u00f3n del sistema de energ\u00eda solar en la empresa Olivas al Mundo SA, ubicado en el Valle Central catamarque\u00f1o.<\/p>\n<p class=\"v1MsoNormal\">Este sistema abastece la bomba de extracci\u00f3n de agua utilizada para el riego de los cultivos, optimizando el consumo energ\u00e9tico y reduciendo costos. La implementaci\u00f3n de esta tecnolog\u00eda representa un avance en la incorporaci\u00f3n de energ\u00edas renovables en el sector oliv\u00edcola, contribuyendo a la sustentabilidad y eficiencia de la producci\u00f3n.<\/p>\n<p class=\"v1MsoNormal\">El evento estuvo encabezado por los propietarios de la empresa, Marcelo Santaya y Mario Fadel. Adem\u00e1s, cont\u00f3 con la presencia de autoridades de la Secretar\u00eda de Agricultura, Ganader\u00eda y Pesca de la Naci\u00f3n, que se encuentran en Catamarca, y referentes de organismos y empresas del sector.<\/p>\n<p class=\"v1MsoNormal\">Federico Alonso, ingeniero agr\u00f3nomo y asesor t\u00e9cnico de la firma, resalt\u00f3 la importancia de este proyecto. &#8220;Hace un mes hemos instalado un parque solar para generar energ\u00eda limpia, con una potencia contratada que oscila entre 80 y 100 kilovatios hora, lo que permite alimentar la bomba de riego de nuestros olivos&#8221;, relat\u00f3.<\/p>\n<p class=\"v1MsoNormal\">Enfatiz\u00f3 los beneficios econ\u00f3micos de la energ\u00eda solar al mencionar que &#8220;este sistema nos permite reducir costos, ya que el gasto energ\u00e9tico es actualmente uno de los m\u00e1s altos en la producci\u00f3n oliv\u00edcola&#8221;. En cuanto al impacto a largo plazo en esta materia, destac\u00f3 que &#8220;el ahorro estimado con este sistema se ubica entre el 28 y el 30% anual&#8221;.<\/p>\n<\/div>\n","protected":false},"excerpt":{"rendered":"<p>El gobernador Ra\u00fal Jalil junto al ministro de Inclusi\u00f3n Digital y Sistemas Productivos, Juan Cruz Miranda, participaron de la inauguraci\u00f3n del sistema de energ\u00eda solar en la empresa Olivas al Mundo SA, ubicado en el Valle Central catamarque\u00f1o. Este sistema abastece la bomba de extracci\u00f3n de agua utilizada para el riego de los cultivos, optimizando [&hellip;]<\/p>\n","protected":false},"author":2,"featured_media":3598,"comment_status":"open","ping_status":"open","sticky":false,"template":"","format":"standard","meta":{"footnotes":""},"categories":[21],"tags":[],"class_list":{"0":"post-3597","1":"post","2":"type-post","3":"status-publish","4":"format-standard","5":"has-post-thumbnail","7":"category-politica"},"aioseo_notices":[],"_links":{"self":[{"href":"https:\/\/elfaroonline.com.ar\/index.php\/wp-json\/wp\/v2\/posts\/3597","targetHints":{"allow":["GET"]}}],"collection":[{"href":"https:\/\/elfaroonline.com.ar\/index.php\/wp-json\/wp\/v2\/posts"}],"about":[{"href":"https:\/\/elfaroonline.com.ar\/index.php\/wp-json\/wp\/v2\/types\/post"}],"author":[{"embeddable":true,"href":"https:\/\/elfaroonline.com.ar\/index.php\/wp-json\/wp\/v2\/users\/2"}],"replies":[{"embeddable":true,"href":"https:\/\/elfaroonline.com.ar\/index.php\/wp-json\/wp\/v2\/comments?post=3597"}],"version-history":[{"count":1,"href":"https:\/\/elfaroonline.com.ar\/index.php\/wp-json\/wp\/v2\/posts\/3597\/revisions"}],"predecessor-version":[{"id":3599,"href":"https:\/\/elfaroonline.com.ar\/index.php\/wp-json\/wp\/v2\/posts\/3597\/revisions\/3599"}],"wp:featuredmedia":[{"embeddable":true,"href":"https:\/\/elfaroonline.com.ar\/index.php\/wp-json\/wp\/v2\/media\/3598"}],"wp:attachment":[{"href":"https:\/\/elfaroonline.com.ar\/index.php\/wp-json\/wp\/v2\/media?parent=3597"}],"wp:term":[{"taxonomy":"category","embeddable":true,"href":"https:\/\/elfaroonline.com.ar\/index.php\/wp-json\/wp\/v2\/categories?post=3597"},{"taxonomy":"post_tag","embeddable":true,"href":"https:\/\/elfaroonline.com.ar\/index.php\/wp-json\/wp\/v2\/tags?post=3597"}],"curies":[{"name":"wp","href":"https:\/\/api.w.org\/{rel}","templated":true}]}}