{"id":3600,"date":"2025-03-31T00:12:31","date_gmt":"2025-03-31T03:12:31","guid":{"rendered":"https:\/\/elfaroonline.com.ar\/?p=3600"},"modified":"2025-03-31T00:12:31","modified_gmt":"2025-03-31T03:12:31","slug":"rio-tinto-lithium-reactiva-obras-para-aumentar-la-capacidad-productiva-del-proyecto-fenix","status":"publish","type":"post","link":"https:\/\/elfaroonline.com.ar\/index.php\/2025\/03\/31\/rio-tinto-lithium-reactiva-obras-para-aumentar-la-capacidad-productiva-del-proyecto-fenix\/","title":{"rendered":"Rio Tinto Lithium reactiva obras para aumentar la capacidad productiva del Proyecto F\u00e9nix"},"content":{"rendered":"<p class=\"v1MsoNormal\"><i>El aumento de la producci\u00f3n en la planta posibilitar\u00e1 mayores regal\u00edas y fuentes de trabajo.<\/i><\/p>\n<p class=\"v1MsoNormal\">En el marco de la reuni\u00f3n de la Mesa del Litio, el gobernador Ra\u00fal Jalil encabez\u00f3 una reuni\u00f3n clave con representantes de la empresa R\u00edo Tinto Lithium para analizar el avance de los proyectos mineros en la provincia. En el encuentro la compa\u00f1\u00eda confirm\u00f3 la reactivaci\u00f3n de las obras correspondientes a la fase 1B del proyecto F\u00e9nix, ubicado en el Salar del Hombre Muerto en Antofagasta de la Sierra.<\/p>\n<p class=\"v1MsoNormal\">La empresa inform\u00f3 que retomar\u00e1 la construcci\u00f3n de una planta que ya presentaba un 75% de avance al momento de ser pausada en 2023. La finalizaci\u00f3n de esta etapa permitir\u00e1 aumentar la capacidad de producci\u00f3n del proyecto en 10.000 toneladas anuales de carbonato de litio, consolidando a F\u00e9nix como uno de los emprendimientos m\u00e1s importantes del sector en el pa\u00eds.<\/p>\n<p class=\"v1MsoNormal\">Este crecimiento tambi\u00e9n significar\u00e1 un mayor aporte econ\u00f3mico para Catamarca, a trav\u00e9s del incremento en regal\u00edas, fideicomisos y otros instrumentos que fortalecen el desarrollo local, como as\u00ed tambi\u00e9n la generaci\u00f3n de nuevas fuentes de trabajo.<\/p>\n<p class=\"v1MsoNormal\">En la reuni\u00f3n participaron, adem\u00e1s del Gobernador, el ministro de Miner\u00eda, Marcelo Mur\u00faa; el ministro de Gobierno, Justicia y Derechos Humanos, Nicol\u00e1s Rosales Matienzo, y otras autoridades provinciales. Por parte de Rio Tinto Lithium estuvo presente Ignacio Costa, gerente general de la firma en Argentina y su equipo.<\/p>\n","protected":false},"excerpt":{"rendered":"<p>El aumento de la producci\u00f3n en la planta posibilitar\u00e1 mayores regal\u00edas y fuentes de trabajo. En el marco de la reuni\u00f3n de la Mesa del Litio, el gobernador Ra\u00fal Jalil encabez\u00f3 una reuni\u00f3n clave con representantes de la empresa R\u00edo Tinto Lithium para analizar el avance de los proyectos mineros en la provincia. En el [&hellip;]<\/p>\n","protected":false},"author":2,"featured_media":3601,"comment_status":"open","ping_status":"open","sticky":false,"template":"","format":"standard","meta":{"footnotes":""},"categories":[21],"tags":[],"class_list":{"0":"post-3600","1":"post","2":"type-post","3":"status-publish","4":"format-standard","5":"has-post-thumbnail","7":"category-politica"},"aioseo_notices":[],"_links":{"self":[{"href":"https:\/\/elfaroonline.com.ar\/index.php\/wp-json\/wp\/v2\/posts\/3600","targetHints":{"allow":["GET"]}}],"collection":[{"href":"https:\/\/elfaroonline.com.ar\/index.php\/wp-json\/wp\/v2\/posts"}],"about":[{"href":"https:\/\/elfaroonline.com.ar\/index.php\/wp-json\/wp\/v2\/types\/post"}],"author":[{"embeddable":true,"href":"https:\/\/elfaroonline.com.ar\/index.php\/wp-json\/wp\/v2\/users\/2"}],"replies":[{"embeddable":true,"href":"https:\/\/elfaroonline.com.ar\/index.php\/wp-json\/wp\/v2\/comments?post=3600"}],"version-history":[{"count":1,"href":"https:\/\/elfaroonline.com.ar\/index.php\/wp-json\/wp\/v2\/posts\/3600\/revisions"}],"predecessor-version":[{"id":3602,"href":"https:\/\/elfaroonline.com.ar\/index.php\/wp-json\/wp\/v2\/posts\/3600\/revisions\/3602"}],"wp:featuredmedia":[{"embeddable":true,"href":"https:\/\/elfaroonline.com.ar\/index.php\/wp-json\/wp\/v2\/media\/3601"}],"wp:attachment":[{"href":"https:\/\/elfaroonline.com.ar\/index.php\/wp-json\/wp\/v2\/media?parent=3600"}],"wp:term":[{"taxonomy":"category","embeddable":true,"href":"https:\/\/elfaroonline.com.ar\/index.php\/wp-json\/wp\/v2\/categories?post=3600"},{"taxonomy":"post_tag","embeddable":true,"href":"https:\/\/elfaroonline.com.ar\/index.php\/wp-json\/wp\/v2\/tags?post=3600"}],"curies":[{"name":"wp","href":"https:\/\/api.w.org\/{rel}","templated":true}]}}