{"id":362,"date":"2024-04-30T10:46:44","date_gmt":"2024-04-30T13:46:44","guid":{"rendered":"https:\/\/elfaroonline.com.ar\/?p=362"},"modified":"2024-04-30T10:46:44","modified_gmt":"2024-04-30T13:46:44","slug":"ley-bases-el-gobierno-logro-la-aprobacion-en-general","status":"publish","type":"post","link":"https:\/\/elfaroonline.com.ar\/index.php\/2024\/04\/30\/ley-bases-el-gobierno-logro-la-aprobacion-en-general\/","title":{"rendered":"Ley Bases: el Gobierno logr\u00f3 la aprobaci\u00f3n en general"},"content":{"rendered":"<p>La segunda versi\u00f3n del proyecto de <b>ley Bases <\/b>obtuvo la aprobaci\u00f3n en general en la <b>C\u00e1mara de Diputados<\/b> minutos antes de las 9 de la ma\u00f1ana con 142 votos afirmativos (106 en contra), gracias al apoyo mayoritario de los bloques dialoguistas (<b>PRO, UCR, Hacemos, Innovaci\u00f3n Federal y MPN<\/b>). Sin embargo, la aprobaci\u00f3n de los cap\u00edtulos en particular ser\u00e1 larga dado que todav\u00eda podr\u00edan ser rechazados o modificados puntos clave como el impuesto a las <b>Ganancias<\/b>, el r\u00e9gimen de<b>grandes inversiones<\/b>, la <b>reforma laboral <\/b>y los impuestos al <b>tabaco.<\/b><\/p>\n<p class=\"paragraph\" data-mrf-recirculation=\"Links inline\">Votaron en contra UxP, el FIT, los socialistas, la cordobesa Natalia de la Sota. Los radicales disidentes Facundo Manes, Fernando Carbajal, Marcela Coli y Pablo Juliano se <b>abstuvieron<\/b>, al igual que M\u00f3nica Frade de la CC. Sin embargo, la curiosidad fue la presencia al momento de la votaci\u00f3n de <b>Marcela Pagano<\/b>, que no hab\u00eda estado al inicio de la sesi\u00f3n para dar qu\u00f3rum por problemas de salud (desencadenados por un pico de estr\u00e9s por discusiones internas del bloque libertario).<\/p>\n<div class=\"inline ad-wrapper\">\n<div class=\"dfpAd ad-inline\"><\/div>\n<\/div>\n<p class=\"paragraph\" data-mrf-recirculation=\"Links inline\">Para no repetir los mismos errores que llevaron al fracaso del primer debate en febrero, el oficialismo logr\u00f3 imponer que el proyecto sea <b>votado por cap\u00edtulos enteros<\/b>, sin entrar en el debate art\u00edculo por art\u00edculo, y sin ning\u00fan cuarto intermedio.<\/p>\n","protected":false},"excerpt":{"rendered":"<p>La segunda versi\u00f3n del proyecto de ley Bases obtuvo la aprobaci\u00f3n en general en la C\u00e1mara de Diputados minutos antes de las 9 de la ma\u00f1ana con 142 votos afirmativos (106 en contra), gracias al apoyo mayoritario de los bloques dialoguistas (PRO, UCR, Hacemos, Innovaci\u00f3n Federal y MPN). Sin embargo, la aprobaci\u00f3n de los cap\u00edtulos [&hellip;]<\/p>\n","protected":false},"author":2,"featured_media":363,"comment_status":"open","ping_status":"open","sticky":false,"template":"","format":"standard","meta":{"footnotes":""},"categories":[22,21],"tags":[],"class_list":{"0":"post-362","1":"post","2":"type-post","3":"status-publish","4":"format-standard","5":"has-post-thumbnail","7":"category-nacionales","8":"category-politica"},"aioseo_notices":[],"_links":{"self":[{"href":"https:\/\/elfaroonline.com.ar\/index.php\/wp-json\/wp\/v2\/posts\/362","targetHints":{"allow":["GET"]}}],"collection":[{"href":"https:\/\/elfaroonline.com.ar\/index.php\/wp-json\/wp\/v2\/posts"}],"about":[{"href":"https:\/\/elfaroonline.com.ar\/index.php\/wp-json\/wp\/v2\/types\/post"}],"author":[{"embeddable":true,"href":"https:\/\/elfaroonline.com.ar\/index.php\/wp-json\/wp\/v2\/users\/2"}],"replies":[{"embeddable":true,"href":"https:\/\/elfaroonline.com.ar\/index.php\/wp-json\/wp\/v2\/comments?post=362"}],"version-history":[{"count":1,"href":"https:\/\/elfaroonline.com.ar\/index.php\/wp-json\/wp\/v2\/posts\/362\/revisions"}],"predecessor-version":[{"id":364,"href":"https:\/\/elfaroonline.com.ar\/index.php\/wp-json\/wp\/v2\/posts\/362\/revisions\/364"}],"wp:featuredmedia":[{"embeddable":true,"href":"https:\/\/elfaroonline.com.ar\/index.php\/wp-json\/wp\/v2\/media\/363"}],"wp:attachment":[{"href":"https:\/\/elfaroonline.com.ar\/index.php\/wp-json\/wp\/v2\/media?parent=362"}],"wp:term":[{"taxonomy":"category","embeddable":true,"href":"https:\/\/elfaroonline.com.ar\/index.php\/wp-json\/wp\/v2\/categories?post=362"},{"taxonomy":"post_tag","embeddable":true,"href":"https:\/\/elfaroonline.com.ar\/index.php\/wp-json\/wp\/v2\/tags?post=362"}],"curies":[{"name":"wp","href":"https:\/\/api.w.org\/{rel}","templated":true}]}}