{"id":3620,"date":"2025-04-01T17:47:52","date_gmt":"2025-04-01T20:47:52","guid":{"rendered":"https:\/\/elfaroonline.com.ar\/?p=3620"},"modified":"2025-04-01T17:47:52","modified_gmt":"2025-04-01T20:47:52","slug":"asistencia-ante-el-temporal-mas-de-40-intervenciones-en-la-provincia","status":"publish","type":"post","link":"https:\/\/elfaroonline.com.ar\/index.php\/2025\/04\/01\/asistencia-ante-el-temporal-mas-de-40-intervenciones-en-la-provincia\/","title":{"rendered":"Asistencia ante el temporal: m\u00e1s de 40 intervenciones en la provincia"},"content":{"rendered":"<div>\n<p class=\"v1MsoNormal\">Durante la madrugada y la ma\u00f1ana de este lunes, equipos del Ministerio de Seguridad, a trav\u00e9s de la Direcci\u00f3n Provincial de Protecci\u00f3n Civil, la Brigada de Lucha contra Incendios Forestales y la Polic\u00eda de Catamarca, desplegaron un operativo conjunto para atender las consecuencias del fuerte temporal de viento y tormenta que afect\u00f3 a la provincia.<\/p>\n<p class=\"v1MsoNormal\">Las r\u00e1fagas, que alcanzaron los 98 km\/h en algunas zonas, provocaron la ca\u00edda de \u00e1rboles y postes en distintos sectores de la Capital y el interior. Hasta el momento, se registraron m\u00e1s de 40 intervenciones en barrios de la zona Sur, Norte, Centro y Oeste, incluyendo despejes en rutas y calles afectadas por tendidos el\u00e9ctricos ca\u00eddos, en coordinaci\u00f3n con EC Sapem.<\/p>\n<p class=\"v1MsoNormal\">Adem\u00e1s, se reportaron voladuras de techos en los barrios Magisterio, Valle Chico y otros sectores. Pese a la magnitud del temporal, no se registraron personas lesionadas ni evacuadas.<\/p>\n<p class=\"v1MsoNormal\">Ante la gran cantidad de \u00e1rboles ca\u00eddos y calles obstruidas, se solicita a la poblaci\u00f3n precauci\u00f3n y paciencia, ya que los equipos de emergencia contin\u00faan trabajando en el territorio para atender los distintos requerimientos.<\/p>\n<p class=\"v1MsoNormal\">Se informar\u00e1 oportunamente sobre nuevas intervenciones y el estado de los sectores afectados.<\/p>\n<\/div>\n","protected":false},"excerpt":{"rendered":"<p>Durante la madrugada y la ma\u00f1ana de este lunes, equipos del Ministerio de Seguridad, a trav\u00e9s de la Direcci\u00f3n Provincial de Protecci\u00f3n Civil, la Brigada de Lucha contra Incendios Forestales y la Polic\u00eda de Catamarca, desplegaron un operativo conjunto para atender las consecuencias del fuerte temporal de viento y tormenta que afect\u00f3 a la provincia. [&hellip;]<\/p>\n","protected":false},"author":2,"featured_media":3621,"comment_status":"open","ping_status":"open","sticky":false,"template":"","format":"standard","meta":{"footnotes":""},"categories":[23,20],"tags":[],"class_list":{"0":"post-3620","1":"post","2":"type-post","3":"status-publish","4":"format-standard","5":"has-post-thumbnail","7":"category-destacados","8":"category-sociedad"},"aioseo_notices":[],"_links":{"self":[{"href":"https:\/\/elfaroonline.com.ar\/index.php\/wp-json\/wp\/v2\/posts\/3620","targetHints":{"allow":["GET"]}}],"collection":[{"href":"https:\/\/elfaroonline.com.ar\/index.php\/wp-json\/wp\/v2\/posts"}],"about":[{"href":"https:\/\/elfaroonline.com.ar\/index.php\/wp-json\/wp\/v2\/types\/post"}],"author":[{"embeddable":true,"href":"https:\/\/elfaroonline.com.ar\/index.php\/wp-json\/wp\/v2\/users\/2"}],"replies":[{"embeddable":true,"href":"https:\/\/elfaroonline.com.ar\/index.php\/wp-json\/wp\/v2\/comments?post=3620"}],"version-history":[{"count":2,"href":"https:\/\/elfaroonline.com.ar\/index.php\/wp-json\/wp\/v2\/posts\/3620\/revisions"}],"predecessor-version":[{"id":3632,"href":"https:\/\/elfaroonline.com.ar\/index.php\/wp-json\/wp\/v2\/posts\/3620\/revisions\/3632"}],"wp:featuredmedia":[{"embeddable":true,"href":"https:\/\/elfaroonline.com.ar\/index.php\/wp-json\/wp\/v2\/media\/3621"}],"wp:attachment":[{"href":"https:\/\/elfaroonline.com.ar\/index.php\/wp-json\/wp\/v2\/media?parent=3620"}],"wp:term":[{"taxonomy":"category","embeddable":true,"href":"https:\/\/elfaroonline.com.ar\/index.php\/wp-json\/wp\/v2\/categories?post=3620"},{"taxonomy":"post_tag","embeddable":true,"href":"https:\/\/elfaroonline.com.ar\/index.php\/wp-json\/wp\/v2\/tags?post=3620"}],"curies":[{"name":"wp","href":"https:\/\/api.w.org\/{rel}","templated":true}]}}