{"id":3623,"date":"2025-04-01T17:48:15","date_gmt":"2025-04-01T20:48:15","guid":{"rendered":"https:\/\/elfaroonline.com.ar\/?p=3623"},"modified":"2025-04-01T17:48:15","modified_gmt":"2025-04-01T20:48:15","slug":"la-division-trata-de-personas-trabajara-con-punto-violeta","status":"publish","type":"post","link":"https:\/\/elfaroonline.com.ar\/index.php\/2025\/04\/01\/la-division-trata-de-personas-trabajara-con-punto-violeta\/","title":{"rendered":"La Divisi\u00f3n Trata de Personas trabajar\u00e1 con Punto Violeta"},"content":{"rendered":"<p>El jefe de la Divisi\u00f3n Trata de Personas de la Polic\u00eda de la Provincia, Renzo Pacheco, junto a la Sargento Carla Pic\u00f3n hablaron sobre el trabajo en conjunto con el punto violeta.<br \/>\nEn este sentido, Pacheco adelant\u00f3 que comenzar\u00e1n a trabajar con el Punto Violeta de la Capital, con el objetivo de brindar contenci\u00f3n y acompa\u00f1amiento a personas en situaci\u00f3n de riesgo y que &#8220;la Secretaria de Mujeres, puede aportar todos sus equipos t\u00e9cnicos para ayudar. A su vez visitaremos establecimientos escolares para sumarnos a las charlas contra bullying que tiene Punto Violeta&#8221;.<br \/>\nSeguidamente agreg\u00f3 que intentar\u00e1n acercar a PV, mujeres que ejercen la prostituci\u00f3n para que se puedan insertar y tengan otra salida laboral diferente a su actualidad. &#8220;Son mujeres vulnerables y queremos que puedan salir de esa situaci\u00f3n tan complicada que sufren&#8221;.<br \/>\nPor su parte la Sargento Pic\u00f3n fue clara al expresar que &#8220;la columna vertebral de nuestro trabajo se basa en la prevenci\u00f3n, ya que cada vez que rescatamos a una v\u00edctima de Trata esa persona nunca vuelve a ser la de antes&#8221;.<br \/>\nPicon enfatiz\u00f3 que la Trata siempre se enfoca en las Ni\u00f1as, Ni\u00f1os y Adolescentes y &#8220;para eso visitamos tantas escuelas, porque buscamos poner en alerta a los estudiantes de la presencia de personas que se esconden en las redes sociales para poder captarlos&#8221;.<br \/>\n&#8220;Asimismo se nos dificulta mucho porque hay muchas personas que creen que en Catamarca no hay casos de Trata y esto en la provincia si existe, por lo que necesitamos el apoyo de los padres, docentes y directivos de escuelas&#8221; agreg\u00f3 Pic\u00f3n, quien dej\u00f3 en claro que la Educaci\u00f3n Sexual Integral es la columna de prevenci\u00f3n de todos los delitos ya que de esta manera terminan limitando al potencial pederasta o ped\u00f3filo a que pudiera estar cerca&#8221;.<\/p>\n","protected":false},"excerpt":{"rendered":"<p>El jefe de la Divisi\u00f3n Trata de Personas de la Polic\u00eda de la Provincia, Renzo Pacheco, junto a la Sargento Carla Pic\u00f3n hablaron sobre el trabajo en conjunto con el punto violeta. En este sentido, Pacheco adelant\u00f3 que comenzar\u00e1n a trabajar con el Punto Violeta de la Capital, con el objetivo de brindar contenci\u00f3n y [&hellip;]<\/p>\n","protected":false},"author":2,"featured_media":3624,"comment_status":"open","ping_status":"open","sticky":false,"template":"","format":"standard","meta":{"footnotes":""},"categories":[27],"tags":[],"class_list":{"0":"post-3623","1":"post","2":"type-post","3":"status-publish","4":"format-standard","5":"has-post-thumbnail","7":"category-policiales"},"aioseo_notices":[],"_links":{"self":[{"href":"https:\/\/elfaroonline.com.ar\/index.php\/wp-json\/wp\/v2\/posts\/3623","targetHints":{"allow":["GET"]}}],"collection":[{"href":"https:\/\/elfaroonline.com.ar\/index.php\/wp-json\/wp\/v2\/posts"}],"about":[{"href":"https:\/\/elfaroonline.com.ar\/index.php\/wp-json\/wp\/v2\/types\/post"}],"author":[{"embeddable":true,"href":"https:\/\/elfaroonline.com.ar\/index.php\/wp-json\/wp\/v2\/users\/2"}],"replies":[{"embeddable":true,"href":"https:\/\/elfaroonline.com.ar\/index.php\/wp-json\/wp\/v2\/comments?post=3623"}],"version-history":[{"count":1,"href":"https:\/\/elfaroonline.com.ar\/index.php\/wp-json\/wp\/v2\/posts\/3623\/revisions"}],"predecessor-version":[{"id":3625,"href":"https:\/\/elfaroonline.com.ar\/index.php\/wp-json\/wp\/v2\/posts\/3623\/revisions\/3625"}],"wp:featuredmedia":[{"embeddable":true,"href":"https:\/\/elfaroonline.com.ar\/index.php\/wp-json\/wp\/v2\/media\/3624"}],"wp:attachment":[{"href":"https:\/\/elfaroonline.com.ar\/index.php\/wp-json\/wp\/v2\/media?parent=3623"}],"wp:term":[{"taxonomy":"category","embeddable":true,"href":"https:\/\/elfaroonline.com.ar\/index.php\/wp-json\/wp\/v2\/categories?post=3623"},{"taxonomy":"post_tag","embeddable":true,"href":"https:\/\/elfaroonline.com.ar\/index.php\/wp-json\/wp\/v2\/tags?post=3623"}],"curies":[{"name":"wp","href":"https:\/\/api.w.org\/{rel}","templated":true}]}}