{"id":3626,"date":"2025-04-01T17:48:42","date_gmt":"2025-04-01T20:48:42","guid":{"rendered":"https:\/\/elfaroonline.com.ar\/?p=3626"},"modified":"2025-04-01T17:48:42","modified_gmt":"2025-04-01T20:48:42","slug":"el-gobierno-definio-que-los-aumentos-de-tarifas-en-abril-seran-menores-al-2","status":"publish","type":"post","link":"https:\/\/elfaroonline.com.ar\/index.php\/2025\/04\/01\/el-gobierno-definio-que-los-aumentos-de-tarifas-en-abril-seran-menores-al-2\/","title":{"rendered":"El Gobierno defini\u00f3 que los aumentos de tarifas en abril ser\u00e1n menores al 2%"},"content":{"rendered":"<p>Los ajustes ser\u00e1n del 1,7% en el caso de la electricidad y del 1,8% en el caso del gas natural a partir del mes que comienza hoy.<br \/>\nLas subas estar\u00e1n en l\u00ednea con la decisi\u00f3n de volver a diferir la mayor parte de la actualizaci\u00f3n del impuesto a los combustibles l\u00edquidos y aplicar solo una parte. Es por eso que <b>YPF<\/b> anunci\u00f3 que aplicar\u00e1 un aumento del 1,75% promedio en todo el pa\u00eds para <b>nafta<\/b> y <b>gasoil<\/b>.<\/p>\n<p>El Gobierno nacional ten\u00eda previsto implementar desde abril un nuevo esquema tarifario con ajustes mensuales indexados a la inflaci\u00f3n, pero resolvi\u00f3 postergarlo. El sistema comenzar\u00e1 a regir reci\u00e9n en mayo y, por lo tanto, en abril las subas ser\u00e1n limitadas bajo un esquema discrecional.<\/p>\n<p>La Secretar\u00eda de Energ\u00eda est\u00e1 en la etapa final del proceso de Revisi\u00f3n Quinquenal de Tarifas (RQT), que definir\u00e1 el sendero de inversiones y ajustes hasta 2029. Este mecanismo, que no se aplicaba de manera sistem\u00e1tica desde hace casi tres d\u00e9cadas, ser\u00e1 el marco t\u00e9cnico para las futuras actualizaciones mensuales.<\/p>\n<p class=\"paragraph\" data-mrf-recirculation=\"Links inline\">Adem\u00e1s, seg\u00fan el Indec, la divisi\u00f3n \u201cVivienda, agua, electricidad, gas y otros combustibles\u201d aument\u00f3 174,2% interanual, contra un 66,9% del \u00edndice general, lo que refleja la presi\u00f3n inflacionaria que ejercen los servicios regulados. Esta categor\u00eda no solo fue la que m\u00e1s subi\u00f3 en t\u00e9rminos anuales, sino tambi\u00e9n la que lider\u00f3 las subas mensuales en febrero.<\/p>\n<p class=\"paragraph\" data-mrf-recirculation=\"Links inline\">Por su parte, la consultora ACM advirti\u00f3 que en los \u00faltimos tres meses se observ\u00f3 una marcada divergencia entre la inflaci\u00f3n de bienes (1,9% mensual promedio) y la de servicios (3,8%), impulsada por la recomposici\u00f3n de precios regulados y tarifas. En febrero, la inflaci\u00f3n n\u00facleo se ubic\u00f3 en 2,4% mensual, mientras que los precios regulados treparon por encima del 3%. Esta tendencia no parece revertirse en marzo, donde los primeros relevamientos muestran nuevamente a los regulados encabezando las subas.<\/p>\n","protected":false},"excerpt":{"rendered":"<p>Los ajustes ser\u00e1n del 1,7% en el caso de la electricidad y del 1,8% en el caso del gas natural a partir del mes que comienza hoy. Las subas estar\u00e1n en l\u00ednea con la decisi\u00f3n de volver a diferir la mayor parte de la actualizaci\u00f3n del impuesto a los combustibles l\u00edquidos y aplicar solo una [&hellip;]<\/p>\n","protected":false},"author":2,"featured_media":3627,"comment_status":"open","ping_status":"open","sticky":false,"template":"","format":"standard","meta":{"footnotes":""},"categories":[22,21],"tags":[],"class_list":{"0":"post-3626","1":"post","2":"type-post","3":"status-publish","4":"format-standard","5":"has-post-thumbnail","7":"category-nacionales","8":"category-politica"},"aioseo_notices":[],"_links":{"self":[{"href":"https:\/\/elfaroonline.com.ar\/index.php\/wp-json\/wp\/v2\/posts\/3626","targetHints":{"allow":["GET"]}}],"collection":[{"href":"https:\/\/elfaroonline.com.ar\/index.php\/wp-json\/wp\/v2\/posts"}],"about":[{"href":"https:\/\/elfaroonline.com.ar\/index.php\/wp-json\/wp\/v2\/types\/post"}],"author":[{"embeddable":true,"href":"https:\/\/elfaroonline.com.ar\/index.php\/wp-json\/wp\/v2\/users\/2"}],"replies":[{"embeddable":true,"href":"https:\/\/elfaroonline.com.ar\/index.php\/wp-json\/wp\/v2\/comments?post=3626"}],"version-history":[{"count":1,"href":"https:\/\/elfaroonline.com.ar\/index.php\/wp-json\/wp\/v2\/posts\/3626\/revisions"}],"predecessor-version":[{"id":3628,"href":"https:\/\/elfaroonline.com.ar\/index.php\/wp-json\/wp\/v2\/posts\/3626\/revisions\/3628"}],"wp:featuredmedia":[{"embeddable":true,"href":"https:\/\/elfaroonline.com.ar\/index.php\/wp-json\/wp\/v2\/media\/3627"}],"wp:attachment":[{"href":"https:\/\/elfaroonline.com.ar\/index.php\/wp-json\/wp\/v2\/media?parent=3626"}],"wp:term":[{"taxonomy":"category","embeddable":true,"href":"https:\/\/elfaroonline.com.ar\/index.php\/wp-json\/wp\/v2\/categories?post=3626"},{"taxonomy":"post_tag","embeddable":true,"href":"https:\/\/elfaroonline.com.ar\/index.php\/wp-json\/wp\/v2\/tags?post=3626"}],"curies":[{"name":"wp","href":"https:\/\/api.w.org\/{rel}","templated":true}]}}