{"id":3629,"date":"2025-04-01T17:49:04","date_gmt":"2025-04-01T20:49:04","guid":{"rendered":"https:\/\/elfaroonline.com.ar\/?p=3629"},"modified":"2025-04-01T17:49:04","modified_gmt":"2025-04-01T20:49:04","slug":"significativa-caida-de-la-tasa-de-pobreza-paso-de-529-a-381","status":"publish","type":"post","link":"https:\/\/elfaroonline.com.ar\/index.php\/2025\/04\/01\/significativa-caida-de-la-tasa-de-pobreza-paso-de-529-a-381\/","title":{"rendered":"Significativa ca\u00edda de la tasa de pobreza: pas\u00f3 de 52,9% a 38,1%"},"content":{"rendered":"<p>El indicador del Indec mostr\u00f3 una baja pronunciada respecto del primer semestre del a\u00f1o pasado y tambi\u00e9n del 41,7% del fin de 2023. Adem\u00e1s retrocedi\u00f3 la indigencia, que se redujo al 8,2% frente al 18,1% de la primera mitad de 2024.<\/p>\n<p>La <b>pobreza<\/b> afect\u00f3 al<b> 38,1% de la poblaci\u00f3n<\/b> al cierre de 2024, inform\u00f3 este lunes el Indec. El indicador oficial, as\u00ed, mostr\u00f3 una considerable ca\u00edda en comparaci\u00f3n con el <b>52,9%<\/b> que hab\u00eda registrado en el primer semestre de 2024, influido por la aceleraci\u00f3n de precios de esa primera mitad del a\u00f1o y tambi\u00e9n una ca\u00edda respecto al <b>41,7%<\/b> que hab\u00eda marcado el organismo estad\u00edstico para el cierre de 2023.<\/p>\n<p class=\"paragraph\" data-mrf-recirculation=\"Links inline\">La <b>indigencia<\/b>, es decir la porci\u00f3n de la sociedad que no logra tener cubiertos los gastos de canasta b\u00e1sica alimentaria, fue en el final del 2024 de <b>8,2 por ciento<\/b>. Esto implic\u00f3 un retroceso respecto al primer semestre de ese a\u00f1o (18,1%) y al fin de 2023 (11,9 por ciento).<\/p>\n<div class=\"inline ad-wrapper\">\n<div class=\"dfpAd ad-inline\"><\/div>\n<\/div>\n<p class=\"paragraph\" data-mrf-recirculation=\"Links inline\">De esa manera, en comparaci\u00f3n con el pico en el primer semestre del 2024, unas<b> 6,9 millones de personas salieron de la pobreza<\/b> y, dentro de ese universo, 4,64 millones de personas dejaron de ser indigentes. La pobreza, medida en cantidad de habitantes, fue la m\u00e1s baja desde el primer semestre de 2022.<\/p>\n<p class=\"paragraph\" data-mrf-recirculation=\"Links inline\">La desaceleraci\u00f3n en la inflaci\u00f3n junto con la recuperaci\u00f3n econ\u00f3mica y de los salarios y el aumento por parte del Gobierno de la cobertura de planes sociales como la Asignaci\u00f3n Universal por Hijo (AUH) y Tarjeta Alimentar hizo que las tasas de pobreza e indigencia disminuyeran fuertemente, seg\u00fan estimaban previamente c\u00e1lculos privados.<\/p>\n<p class=\"paragraph\" data-mrf-recirculation=\"Links inline\">\u201cLa pobreza sin precedentes que hab\u00eda dejado el gobierno de <b>Alberto Fern\u00e1ndez<\/b>,<b> Cristina Kirchner<\/b>y <b>Sergio Massa<\/b>, que lleg\u00f3 a un pico del 52,9% en la medici\u00f3n del primer semestre de 2024, se redujo al 38,1% en el segundo semestre, mientras que la indigencia disminuy\u00f3 del 18,1% al 8,2%, como efecto directo de la lucha contra la inflaci\u00f3n que ha llevado adelante el Presidente <b>Javier Milei<\/b>, adem\u00e1s de la estabilidad macroecon\u00f3mica y la eliminaci\u00f3n de restricciones que durante a\u00f1os limitaron el potencial econ\u00f3mico de los argentinos\u201d, indic\u00f3 un comunicado de la Oficina de Presidencia tras la informaci\u00f3n del Indec.<\/p>\n<p class=\"paragraph\" data-mrf-recirculation=\"Links inline\">El Observatorio de la Deuda Social Argentina (ODSA) de la UCA calculaba que el 2024 cerr\u00f3 con una tasa de pobreza de entre 38 y 39 por ciento. El <i>nowcast <\/i>de la Universidad Torcuato Di Tella estim\u00f3 una tasa de pobreza de 36,8% para el semestre julio-diciembre. \u201cLa incidencia proyectada se puede descomponer mec\u00e1nicamente en un promedio ponderado de una tasa de pobreza de 38,8 por ciento para el tercer trimestre de 2024 y de 34,8 por ciento para el cuarto trimestre\u201d, indic\u00f3 el informe.<\/p>\n<p class=\"paragraph\" data-mrf-recirculation=\"Links inline\"><b>Leopoldo Tornarolli<\/b>, economista del Centro de Estudios Distributivos, Laborales y Sociales (Cedlas) de la Universidad Nacional de la Plata, hab\u00eda comentado en sus redes sociales: \u201cSabemos entonces que en el tercer trimestre la pobreza fue alrededor de 38,5%. Como los datos de actividad econ\u00f3mica fueron mejores en el cuarto que en el tercer trimestre, todo indica que para el segundo semestre la pobreza va a ser menor a 40%, por debajo del 41,7% de cierre de 2023\u2033.<\/p>\n<p class=\"paragraph\" data-mrf-recirculation=\"Links inline\">La actualizaci\u00f3n m\u00e1s reciente de la incidencia de la pobreza se hab\u00eda dado a conocer en septiembre. La <b>pobreza <\/b>avanz\u00f3 hasta <b>52,9%<\/b> en el primer semestre del a\u00f1o y as\u00ed alcanzaba a <b>24,9 millones de personas<\/b> en todo el pa\u00eds.<\/p>\n<p class=\"paragraph\" data-mrf-recirculation=\"Links inline\">El primer semestre del 2024 estuvo marcado por una aceleraci\u00f3n inicial de la inflaci\u00f3n, que alcanz\u00f3 un ritmo de aumento de precios cercano al 4% mensual desde mayo y que se fue desacelerando luego hasta el 2,7% en diciembre. En este contexto, el poder adquisitivo de los salarios sufri\u00f3 una ca\u00edda significativa, pero empez\u00f3 a recuperar terreno conforme la inflaci\u00f3n desaceler\u00f3, aunque sin compensar del todo las p\u00e9rdidas acumuladas en el \u00faltimo a\u00f1o.<\/p>\n<p class=\"paragraph\" data-mrf-recirculation=\"Links inline\">De todas formas, antes de fin de a\u00f1o, un c\u00e1lculo hecho tambi\u00e9n por Capital Humano se\u00f1al\u00f3 que, en el tercer trimestre del a\u00f1o, la pobreza disminuy\u00f3 al 38,9%, atribuy\u00f3 esta baja a la desaceleraci\u00f3n de la inflaci\u00f3n y al refuerzo de programas sociales como la Asignaci\u00f3n Universal por Hijo (AUH).<\/p>\n","protected":false},"excerpt":{"rendered":"<p>El indicador del Indec mostr\u00f3 una baja pronunciada respecto del primer semestre del a\u00f1o pasado y tambi\u00e9n del 41,7% del fin de 2023. Adem\u00e1s retrocedi\u00f3 la indigencia, que se redujo al 8,2% frente al 18,1% de la primera mitad de 2024. La pobreza afect\u00f3 al 38,1% de la poblaci\u00f3n al cierre de 2024, inform\u00f3 este [&hellip;]<\/p>\n","protected":false},"author":2,"featured_media":3630,"comment_status":"open","ping_status":"open","sticky":false,"template":"","format":"standard","meta":{"footnotes":""},"categories":[22,20],"tags":[],"class_list":{"0":"post-3629","1":"post","2":"type-post","3":"status-publish","4":"format-standard","5":"has-post-thumbnail","7":"category-nacionales","8":"category-sociedad"},"aioseo_notices":[],"_links":{"self":[{"href":"https:\/\/elfaroonline.com.ar\/index.php\/wp-json\/wp\/v2\/posts\/3629","targetHints":{"allow":["GET"]}}],"collection":[{"href":"https:\/\/elfaroonline.com.ar\/index.php\/wp-json\/wp\/v2\/posts"}],"about":[{"href":"https:\/\/elfaroonline.com.ar\/index.php\/wp-json\/wp\/v2\/types\/post"}],"author":[{"embeddable":true,"href":"https:\/\/elfaroonline.com.ar\/index.php\/wp-json\/wp\/v2\/users\/2"}],"replies":[{"embeddable":true,"href":"https:\/\/elfaroonline.com.ar\/index.php\/wp-json\/wp\/v2\/comments?post=3629"}],"version-history":[{"count":1,"href":"https:\/\/elfaroonline.com.ar\/index.php\/wp-json\/wp\/v2\/posts\/3629\/revisions"}],"predecessor-version":[{"id":3631,"href":"https:\/\/elfaroonline.com.ar\/index.php\/wp-json\/wp\/v2\/posts\/3629\/revisions\/3631"}],"wp:featuredmedia":[{"embeddable":true,"href":"https:\/\/elfaroonline.com.ar\/index.php\/wp-json\/wp\/v2\/media\/3630"}],"wp:attachment":[{"href":"https:\/\/elfaroonline.com.ar\/index.php\/wp-json\/wp\/v2\/media?parent=3629"}],"wp:term":[{"taxonomy":"category","embeddable":true,"href":"https:\/\/elfaroonline.com.ar\/index.php\/wp-json\/wp\/v2\/categories?post=3629"},{"taxonomy":"post_tag","embeddable":true,"href":"https:\/\/elfaroonline.com.ar\/index.php\/wp-json\/wp\/v2\/tags?post=3629"}],"curies":[{"name":"wp","href":"https:\/\/api.w.org\/{rel}","templated":true}]}}