{"id":3633,"date":"2025-04-01T17:51:43","date_gmt":"2025-04-01T20:51:43","guid":{"rendered":"https:\/\/elfaroonline.com.ar\/?p=3633"},"modified":"2025-04-01T17:51:43","modified_gmt":"2025-04-01T20:51:43","slug":"catamarca-sera-sede-de-la-111-asamblea-federal-del-consejo-del-consumo","status":"publish","type":"post","link":"https:\/\/elfaroonline.com.ar\/index.php\/2025\/04\/01\/catamarca-sera-sede-de-la-111-asamblea-federal-del-consejo-del-consumo\/","title":{"rendered":"Catamarca ser\u00e1 sede de la 111\u00b0 Asamblea Federal del Consejo del Consumo"},"content":{"rendered":"<p class=\"v1MsoNormal\"><i>Ser\u00e1 en junio junto a la reuni\u00f3n del Consejo Federal de Comercio Interior<\/i><\/p>\n<p class=\"v1MsoNormal\">\n<p class=\"v1MsoNormal\">A trav\u00e9s de los directores de Comercio y Servicios y de Defensa del Consumidor, Gisela Santaluc\u00eda y Sergio Paredes, respectivamente, \u00e1reas del Ministerio de Industria, Comercio y Empleo, Catamarca estuvo representada en la 110\u00b0 Asamblea del Consejo Federal del Consumo (COFEDEC) y de la 5\u00b0 Reuni\u00f3n Plenaria del Consejo Federal del Comercio Interior (COFECI), las que tuvieron por sede a la ciudad de El Calafete, Santa Cruz.<\/p>\n<p class=\"v1MsoNormal\">\n<p class=\"v1MsoNormal\">Como dato relevante para esta provincia, se anunci\u00f3 que Catamarca ser\u00e1 sede de la pr\u00f3xima asamblea del COFEDEC y reuni\u00f3n del COFECI, a desarrollarse en junio pr\u00f3ximo con las premisas de lograr conocer en profundidad los distintos contextos provinciales y regionales, y trabajar en forma conjunta para lograr mejores resultados en las tem\u00e1ticas inherentes.<\/p>\n<p class=\"v1MsoNormal\">\n<p class=\"v1MsoNormal\">Con las presencias del subsecretario nacional de Defensa del Consumidor, Fernando Blanco Mui\u00f1o, y del director nacional de Defensa del Consumidor, Leonardo Lepiscopo, los representantes de las provincias argentinas abordaron en El Calafate una nutrida agenda de temas donde se incluy\u00f3 el de la aplicaci\u00f3n de la Resoluci\u00f3n 267\/2024 sobre tasas y el estado de situaci\u00f3n en las provincias. Adem\u00e1s, se trataron temas como el de ofertas fraudulentas y enga\u00f1osas en marketplaces y redes sociales, y la implementaci\u00f3n de una plataforma de autoevaluaci\u00f3n de gesti\u00f3n para comercios minoristas, entre otros.<\/p>\n<p class=\"v1MsoNormal\">\n<p class=\"v1MsoNormal\">Para los funcionarios, pertenecientes al ministerio que conduce Sebasti\u00e1n Caria, el encuentro federal posibilit\u00f3 el intercambio de experiencias y di\u00e1logos sobre el universo de casu\u00edstica en materia de derechos de consumidores y del comercio.<\/p>\n","protected":false},"excerpt":{"rendered":"<p>Ser\u00e1 en junio junto a la reuni\u00f3n del Consejo Federal de Comercio Interior A trav\u00e9s de los directores de Comercio y Servicios y de Defensa del Consumidor, Gisela Santaluc\u00eda y Sergio Paredes, respectivamente, \u00e1reas del Ministerio de Industria, Comercio y Empleo, Catamarca estuvo representada en la 110\u00b0 Asamblea del Consejo Federal del Consumo (COFEDEC) y [&hellip;]<\/p>\n","protected":false},"author":2,"featured_media":3634,"comment_status":"open","ping_status":"open","sticky":false,"template":"","format":"standard","meta":{"footnotes":""},"categories":[23,20],"tags":[],"class_list":{"0":"post-3633","1":"post","2":"type-post","3":"status-publish","4":"format-standard","5":"has-post-thumbnail","7":"category-destacados","8":"category-sociedad"},"aioseo_notices":[],"_links":{"self":[{"href":"https:\/\/elfaroonline.com.ar\/index.php\/wp-json\/wp\/v2\/posts\/3633","targetHints":{"allow":["GET"]}}],"collection":[{"href":"https:\/\/elfaroonline.com.ar\/index.php\/wp-json\/wp\/v2\/posts"}],"about":[{"href":"https:\/\/elfaroonline.com.ar\/index.php\/wp-json\/wp\/v2\/types\/post"}],"author":[{"embeddable":true,"href":"https:\/\/elfaroonline.com.ar\/index.php\/wp-json\/wp\/v2\/users\/2"}],"replies":[{"embeddable":true,"href":"https:\/\/elfaroonline.com.ar\/index.php\/wp-json\/wp\/v2\/comments?post=3633"}],"version-history":[{"count":1,"href":"https:\/\/elfaroonline.com.ar\/index.php\/wp-json\/wp\/v2\/posts\/3633\/revisions"}],"predecessor-version":[{"id":3635,"href":"https:\/\/elfaroonline.com.ar\/index.php\/wp-json\/wp\/v2\/posts\/3633\/revisions\/3635"}],"wp:featuredmedia":[{"embeddable":true,"href":"https:\/\/elfaroonline.com.ar\/index.php\/wp-json\/wp\/v2\/media\/3634"}],"wp:attachment":[{"href":"https:\/\/elfaroonline.com.ar\/index.php\/wp-json\/wp\/v2\/media?parent=3633"}],"wp:term":[{"taxonomy":"category","embeddable":true,"href":"https:\/\/elfaroonline.com.ar\/index.php\/wp-json\/wp\/v2\/categories?post=3633"},{"taxonomy":"post_tag","embeddable":true,"href":"https:\/\/elfaroonline.com.ar\/index.php\/wp-json\/wp\/v2\/tags?post=3633"}],"curies":[{"name":"wp","href":"https:\/\/api.w.org\/{rel}","templated":true}]}}