{"id":3636,"date":"2025-04-01T17:53:44","date_gmt":"2025-04-01T20:53:44","guid":{"rendered":"https:\/\/elfaroonline.com.ar\/?p=3636"},"modified":"2025-04-01T17:53:44","modified_gmt":"2025-04-01T20:53:44","slug":"acreditacion-de-haberes-para-la-administracion-publica-y-docentes-2","status":"publish","type":"post","link":"https:\/\/elfaroonline.com.ar\/index.php\/2025\/04\/01\/acreditacion-de-haberes-para-la-administracion-publica-y-docentes-2\/","title":{"rendered":"Acreditaci\u00f3n de haberes para la Administraci\u00f3n P\u00fablica y docentes"},"content":{"rendered":"<p class=\"v1MsoNormal\">El Ministerio de Econom\u00eda informa que los haberes correspondientes a marzo de 2025 ser\u00e1n acreditados en las respectivas cuentas sueldo de los trabajadores conforme al siguiente cronograma:<\/p>\n<p class=\"v1MsoNormal\"><b>-Mi\u00e9rcoles 9 de abril:<\/b> Organismos de la Administraci\u00f3n P\u00fablica Provincial.<\/p>\n<p class=\"v1MsoNormal\"><b>-Jueves 10 de abril:<\/b> docentes.<\/p>\n","protected":false},"excerpt":{"rendered":"<p>El Ministerio de Econom\u00eda informa que los haberes correspondientes a marzo de 2025 ser\u00e1n acreditados en las respectivas cuentas sueldo de los trabajadores conforme al siguiente cronograma: -Mi\u00e9rcoles 9 de abril: Organismos de la Administraci\u00f3n P\u00fablica Provincial. -Jueves 10 de abril: docentes.<\/p>\n","protected":false},"author":2,"featured_media":3637,"comment_status":"open","ping_status":"open","sticky":false,"template":"","format":"standard","meta":{"footnotes":""},"categories":[23,21],"tags":[],"class_list":{"0":"post-3636","1":"post","2":"type-post","3":"status-publish","4":"format-standard","5":"has-post-thumbnail","7":"category-destacados","8":"category-politica"},"aioseo_notices":[],"_links":{"self":[{"href":"https:\/\/elfaroonline.com.ar\/index.php\/wp-json\/wp\/v2\/posts\/3636","targetHints":{"allow":["GET"]}}],"collection":[{"href":"https:\/\/elfaroonline.com.ar\/index.php\/wp-json\/wp\/v2\/posts"}],"about":[{"href":"https:\/\/elfaroonline.com.ar\/index.php\/wp-json\/wp\/v2\/types\/post"}],"author":[{"embeddable":true,"href":"https:\/\/elfaroonline.com.ar\/index.php\/wp-json\/wp\/v2\/users\/2"}],"replies":[{"embeddable":true,"href":"https:\/\/elfaroonline.com.ar\/index.php\/wp-json\/wp\/v2\/comments?post=3636"}],"version-history":[{"count":1,"href":"https:\/\/elfaroonline.com.ar\/index.php\/wp-json\/wp\/v2\/posts\/3636\/revisions"}],"predecessor-version":[{"id":3638,"href":"https:\/\/elfaroonline.com.ar\/index.php\/wp-json\/wp\/v2\/posts\/3636\/revisions\/3638"}],"wp:featuredmedia":[{"embeddable":true,"href":"https:\/\/elfaroonline.com.ar\/index.php\/wp-json\/wp\/v2\/media\/3637"}],"wp:attachment":[{"href":"https:\/\/elfaroonline.com.ar\/index.php\/wp-json\/wp\/v2\/media?parent=3636"}],"wp:term":[{"taxonomy":"category","embeddable":true,"href":"https:\/\/elfaroonline.com.ar\/index.php\/wp-json\/wp\/v2\/categories?post=3636"},{"taxonomy":"post_tag","embeddable":true,"href":"https:\/\/elfaroonline.com.ar\/index.php\/wp-json\/wp\/v2\/tags?post=3636"}],"curies":[{"name":"wp","href":"https:\/\/api.w.org\/{rel}","templated":true}]}}