{"id":3639,"date":"2025-04-01T17:59:01","date_gmt":"2025-04-01T20:59:01","guid":{"rendered":"https:\/\/elfaroonline.com.ar\/?p=3639"},"modified":"2025-04-01T17:59:01","modified_gmt":"2025-04-01T20:59:01","slug":"en-medio-de-la-tension-cambiaria-el-gobierno-asegura-que-fmi-aprobara-el-acuerdo-antes-del-21-de-abril","status":"publish","type":"post","link":"https:\/\/elfaroonline.com.ar\/index.php\/2025\/04\/01\/en-medio-de-la-tension-cambiaria-el-gobierno-asegura-que-fmi-aprobara-el-acuerdo-antes-del-21-de-abril\/","title":{"rendered":"En medio de la tensi\u00f3n cambiaria, el Gobierno asegura que FMI aprobar\u00e1 el acuerdo antes del 21 de abril"},"content":{"rendered":"<p>Mientras escala la tensi\u00f3n cambiaria, <b>en el Gobierno buscan insistentemente transmitir tranquilidad a los mercados. <\/b>Este mediod\u00eda aseguraron que conf\u00edan en que el <b>directorio del Fondo Monetario Internacional (FMI) <\/b>aprobar\u00e1 el acuerdo por la deuda \u201cantes del 21 de abril\u201d y deslizaron que \u201cel 40 por ciento que dijo Kristalina est\u00e1 bien\u201d. As\u00ed, en Balcarce 50 se hicieron eco l\u00ednea de los plazos que esboz\u00f3 ayer la titular del organismo, <b>Kristalina Goorgieva.<\/b><\/p>\n<p class=\"paragraph\" data-mrf-recirculation=\"Links inline\">Un alto funcionario dijo este mediod\u00eda que la firma del \u201c<i>board<\/i>\u201d estar\u00eda disponible antes de que comiencen las \u201creuniones de primavera\u201d del Fondo, que provocan un par\u00e9ntesis de varios d\u00edas en la toma de decisiones. Es decir, que la rubricaci\u00f3n no se dilatar\u00eda m\u00e1s all\u00e1 del plazo m\u00e1ximo que hab\u00eda fijado Milei hace dos semanas, cuando habl\u00f3 de \u201cmediados de abril\u201d como l\u00edmite.<\/p>\n<div class=\"inline ad-wrapper\">\n<div class=\"dfpAd ad-inline\"><\/div>\n<\/div>\n<p class=\"paragraph\" data-mrf-recirculation=\"Links inline\">Es la l\u00ednea que plante\u00f3 ayer la titular del organismo, Georgieva, en declaraciones a la agencia Reuters, ayer. Despu\u00e9s de opinar que el pedido de un <b>adelanto de 40 por ciento <\/b>\u201ces una petici\u00f3n razonable\u201d porque la Argentina \u201cse la han ganado, dado su desempe\u00f1o\u201d, Georgieva dijo que espera cerrar el nuevo pacto por USD 20.000 millones <b>antes de las pr\u00f3ximas reuniones de primavera del organismo y del Banco Mundial que tienen lugar entre el 21 y el 26 de abril.<\/b> La \u201c<i>spring metting<\/i>\u201d es la cumbre por excelencia organismo del multilateral de cr\u00e9dito, al que asisten los equipos econ\u00f3micos de todos los pa\u00edses del mundo, empresarios, lobistas, etc.<\/p>\n<p data-mrf-recirculation=\"Links inline\">Antes deber\u00eda rubricarse el acuerdo a nivel t\u00e9cnico (Staff Level Agreement). Se espera que el documento oficial que lo informe se conozca entre esta semana y la pr\u00f3xima, porque el <b>plazo entre los acuerdos t\u00e9cnicos y del directorio suelen ser de dos semanas.<\/b><\/p>\n<p data-mrf-recirculation=\"Links inline\">Mientras tanto, el Gobierno negocia para lograr un primer desembolso m\u00e1s amplio del mencionado hasta ahora. A pesar de que Georgieva desliz\u00f3 que no ser\u00eda mayor al de un 40 por ciento, tanto Milei como Caputo replicaron esta tarde el comunicado de una legisladora republicana que exig\u00eda un<b> 75 por ciento, es decir, 15 millones de d\u00f3lares.<\/b><\/p>\n<p class=\"paragraph\" data-mrf-recirculation=\"Links inline\">En paralelo, sugestivamente, esta ma\u00f1ana estuvieron en la Casa Rosada dos funcionarios de alto nivel en el ministerio de Econom\u00eda: el secretario de Finanzas, Pablo Quirno, y el director del BICE, Mart\u00edn Vauthier. Ambos estuvieron en el primer piso de la sede del Gobierno, en momentos distintos.<\/p>\n<p class=\"paragraph\" data-mrf-recirculation=\"Links inline\">El primero visit\u00f3 el despacho del asesor Santiago Caputo. Y a la salida, le dijo a los periodistas acreditados que en Econom\u00eda no est\u00e1n preocupados por la suba del tipo de cambio: <b>\u201cEl plan econ\u00f3mico es m\u00e1s fuerte que la volatilidad cambiaria\u201d, <\/b>sostuvo. De todas formas, en Gobierno negaron Caputo y Quirno hayan tenido un di\u00e1logo sobre los plazos de los acuerdos por la deuda: <b>\u201cHablaron de cosas m\u00e1s aburridas, tasaciones del Banco Naci\u00f3n, privatizaciones\u201d, dijo un funcionario. <\/b>M\u00e1s tarde, estuvo Mart\u00edn Vauthier, director del BICE, pero en su entorno aseguraron que no vio al consultor.<\/p>\n<p class=\"paragraph\" data-mrf-recirculation=\"Links inline\">A pesar de la se\u00f1al de conformidad que expresaron hoy con el 40 por ciento, la postura del Gobierno durante los \u00faltimos d\u00edas hab\u00eda sido que <b>el FMI deber\u00eda enviar un primer desembolso considerable, mayor al promedio de los acuerdos habituales entre el organismo y los distintos pa\u00edses. <\/b><\/p>\n<p class=\"paragraph\" data-mrf-recirculation=\"Links inline\">\u201cEl total del paquete, c\u00f3mo se desembolsa, es parte de la negociaci\u00f3n que est\u00e1 terminando ahora. La primera cuota es importante porque el BCRA est\u00e1 muy descapitalizado. Y porque es cierto, cuando se dice que no hay precedente que el Fondo haga un desembolso inicial muy alto, en general hacen 20, 30%, <b>excepcionalmente el 40 por ciento<\/b>\u201d, dijo <b>Luis Caputo en la \u00faltima de las tres entrevistas que brind\u00f3 en los \u00faltimos 10 d\u00edas, en medio de la volatilidad econ\u00f3mica.<\/b><\/p>\n<p class=\"paragraph\" data-mrf-recirculation=\"Links inline\">\u201cPedimos m\u00e1s por una raz\u00f3n: en un acuerdo tradicional se hacen desembolsos a cambio de metas. <b>En nuestro caso ya lo hicimos<\/b>\u201d, por lo que el Poder Ejecutivo busc\u00f3 invertir la l\u00f3gica: \u201cCuando terminen esos ajustes, \u00bfcu\u00e1nto hubiesen desembolsado? Nosotros ya terminamos. Ser\u00eda l\u00f3gico que el desembolso inicial sea m\u00e1s elevado\u201d, sostuvo.<\/p>\n","protected":false},"excerpt":{"rendered":"<p>Mientras escala la tensi\u00f3n cambiaria, en el Gobierno buscan insistentemente transmitir tranquilidad a los mercados. Este mediod\u00eda aseguraron que conf\u00edan en que el directorio del Fondo Monetario Internacional (FMI) aprobar\u00e1 el acuerdo por la deuda \u201cantes del 21 de abril\u201d y deslizaron que \u201cel 40 por ciento que dijo Kristalina est\u00e1 bien\u201d. As\u00ed, en Balcarce [&hellip;]<\/p>\n","protected":false},"author":2,"featured_media":3640,"comment_status":"open","ping_status":"open","sticky":false,"template":"","format":"standard","meta":{"footnotes":""},"categories":[24,22],"tags":[],"class_list":{"0":"post-3639","1":"post","2":"type-post","3":"status-publish","4":"format-standard","5":"has-post-thumbnail","7":"category-mundo","8":"category-nacionales"},"aioseo_notices":[],"_links":{"self":[{"href":"https:\/\/elfaroonline.com.ar\/index.php\/wp-json\/wp\/v2\/posts\/3639","targetHints":{"allow":["GET"]}}],"collection":[{"href":"https:\/\/elfaroonline.com.ar\/index.php\/wp-json\/wp\/v2\/posts"}],"about":[{"href":"https:\/\/elfaroonline.com.ar\/index.php\/wp-json\/wp\/v2\/types\/post"}],"author":[{"embeddable":true,"href":"https:\/\/elfaroonline.com.ar\/index.php\/wp-json\/wp\/v2\/users\/2"}],"replies":[{"embeddable":true,"href":"https:\/\/elfaroonline.com.ar\/index.php\/wp-json\/wp\/v2\/comments?post=3639"}],"version-history":[{"count":1,"href":"https:\/\/elfaroonline.com.ar\/index.php\/wp-json\/wp\/v2\/posts\/3639\/revisions"}],"predecessor-version":[{"id":3641,"href":"https:\/\/elfaroonline.com.ar\/index.php\/wp-json\/wp\/v2\/posts\/3639\/revisions\/3641"}],"wp:featuredmedia":[{"embeddable":true,"href":"https:\/\/elfaroonline.com.ar\/index.php\/wp-json\/wp\/v2\/media\/3640"}],"wp:attachment":[{"href":"https:\/\/elfaroonline.com.ar\/index.php\/wp-json\/wp\/v2\/media?parent=3639"}],"wp:term":[{"taxonomy":"category","embeddable":true,"href":"https:\/\/elfaroonline.com.ar\/index.php\/wp-json\/wp\/v2\/categories?post=3639"},{"taxonomy":"post_tag","embeddable":true,"href":"https:\/\/elfaroonline.com.ar\/index.php\/wp-json\/wp\/v2\/tags?post=3639"}],"curies":[{"name":"wp","href":"https:\/\/api.w.org\/{rel}","templated":true}]}}