{"id":365,"date":"2024-04-30T10:49:55","date_gmt":"2024-04-30T13:49:55","guid":{"rendered":"https:\/\/elfaroonline.com.ar\/?p=365"},"modified":"2024-04-30T10:49:55","modified_gmt":"2024-04-30T13:49:55","slug":"acreditacion-de-haberes-para-la-administracion-publica-provincial","status":"publish","type":"post","link":"https:\/\/elfaroonline.com.ar\/index.php\/2024\/04\/30\/acreditacion-de-haberes-para-la-administracion-publica-provincial\/","title":{"rendered":"Acreditaci\u00f3n de haberes para la Administraci\u00f3n P\u00fablica provincial"},"content":{"rendered":"<div>\n<p class=\"v1MsoNormal\">El Ministerio de Econom\u00eda informa que la acreditaci\u00f3n de los haberes del mes de abril de 2024 se har\u00e1 efectivo seg\u00fan el siguiente cronograma:<\/p>\n<p class=\"v1MsoNormal\"><b>-Martes 7 de mayo:<\/b> Todos los docentes.<\/p>\n<p class=\"v1MsoNormal\"><b>-Mi\u00e9rcoles 8 de mayo<\/b>: Organismos de la Administraci\u00f3n P\u00fablica Provincial.<\/p>\n<\/div>\n","protected":false},"excerpt":{"rendered":"<p>El Ministerio de Econom\u00eda informa que la acreditaci\u00f3n de los haberes del mes de abril de 2024 se har\u00e1 efectivo seg\u00fan el siguiente cronograma: -Martes 7 de mayo: Todos los docentes. -Mi\u00e9rcoles 8 de mayo: Organismos de la Administraci\u00f3n P\u00fablica Provincial.<\/p>\n","protected":false},"author":2,"featured_media":366,"comment_status":"open","ping_status":"open","sticky":false,"template":"","format":"standard","meta":{"footnotes":""},"categories":[20],"tags":[],"class_list":{"0":"post-365","1":"post","2":"type-post","3":"status-publish","4":"format-standard","5":"has-post-thumbnail","7":"category-sociedad"},"aioseo_notices":[],"_links":{"self":[{"href":"https:\/\/elfaroonline.com.ar\/index.php\/wp-json\/wp\/v2\/posts\/365","targetHints":{"allow":["GET"]}}],"collection":[{"href":"https:\/\/elfaroonline.com.ar\/index.php\/wp-json\/wp\/v2\/posts"}],"about":[{"href":"https:\/\/elfaroonline.com.ar\/index.php\/wp-json\/wp\/v2\/types\/post"}],"author":[{"embeddable":true,"href":"https:\/\/elfaroonline.com.ar\/index.php\/wp-json\/wp\/v2\/users\/2"}],"replies":[{"embeddable":true,"href":"https:\/\/elfaroonline.com.ar\/index.php\/wp-json\/wp\/v2\/comments?post=365"}],"version-history":[{"count":1,"href":"https:\/\/elfaroonline.com.ar\/index.php\/wp-json\/wp\/v2\/posts\/365\/revisions"}],"predecessor-version":[{"id":367,"href":"https:\/\/elfaroonline.com.ar\/index.php\/wp-json\/wp\/v2\/posts\/365\/revisions\/367"}],"wp:featuredmedia":[{"embeddable":true,"href":"https:\/\/elfaroonline.com.ar\/index.php\/wp-json\/wp\/v2\/media\/366"}],"wp:attachment":[{"href":"https:\/\/elfaroonline.com.ar\/index.php\/wp-json\/wp\/v2\/media?parent=365"}],"wp:term":[{"taxonomy":"category","embeddable":true,"href":"https:\/\/elfaroonline.com.ar\/index.php\/wp-json\/wp\/v2\/categories?post=365"},{"taxonomy":"post_tag","embeddable":true,"href":"https:\/\/elfaroonline.com.ar\/index.php\/wp-json\/wp\/v2\/tags?post=365"}],"curies":[{"name":"wp","href":"https:\/\/api.w.org\/{rel}","templated":true}]}}