{"id":374,"date":"2024-05-01T01:47:03","date_gmt":"2024-05-01T04:47:03","guid":{"rendered":"https:\/\/elfaroonline.com.ar\/?p=374"},"modified":"2024-05-01T01:47:03","modified_gmt":"2024-05-01T04:47:03","slug":"actualizacion-epidemiologica-semanal-dengue","status":"publish","type":"post","link":"https:\/\/elfaroonline.com.ar\/index.php\/2024\/05\/01\/actualizacion-epidemiologica-semanal-dengue\/","title":{"rendered":"Actualizaci\u00f3n epidemiol\u00f3gica Semanal &#8211; Dengue"},"content":{"rendered":"<p class=\"v1MsoNormal\"><span lang=\"ES-MX\">El Ministerio de Salud informa que durante la Semana Epidemiol\u00f3gica 17, del 22 al 28 de abril de 2024, se registraron 651 nuevos casos de Dengue y 1 deceso por Dengue.<\/span><\/p>\n<p class=\"v1MsoNormal\"><span lang=\"ES-MX\">\u00a0<\/span><\/p>\n<p class=\"v1MsoNormal\"><span lang=\"ES-MX\">El total acumulado de casos en el a\u00f1o 2024 es de 10.580, de los cuales corresponden 31 al departamento Ambato, 35 a Ancasti, 125 a Andalgal\u00e1, 57 a Bel\u00e9n, 396 a Capay\u00e1n, 7.707 a Capital, 4 a El Alto, 176 a Fray Mamerto Esqui\u00fa, 498 a La Paz, 36 a Pacl\u00edn, 237 a Pom\u00e1n, 1 a Santa Mar\u00eda, 364 a Santa Rosa, 88 a Tinogasta, 710 a Valle Viejo y 115 en investigaci\u00f3n. Sobre el total de casos, 7.087 se consideran aut\u00f3ctonos, 68 importados y 3.425 en investigaci\u00f3n.<\/span><\/p>\n<p class=\"v1MsoNormal\"><span lang=\"ES-MX\">\u00a0<\/span><\/p>\n<p class=\"v1MsoNormal\"><span lang=\"ES-MX\">En la \u00faltima Semana Epidemiol\u00f3gica se notific\u00f3 el fallecimiento de un paciente de 40 a\u00f1os, internado en una instituci\u00f3n privada de la Capital. El total de fallecidos del a\u00f1o 2024 es de 13 personas, de las cuales 9 presentaban patolog\u00edas de base y 1 antecedente de haber padecido Dengue.<\/span><\/p>\n<p class=\"v1MsoNormal\"><span lang=\"ES-MX\">\u00a0<\/span><\/p>\n<p class=\"v1MsoNormal\"><span lang=\"ES-MX\">Se ruega a la comunidad mantener e intensificar las medidas de prevenci\u00f3n, eliminando todos los recipientes que puedan acumular agua y generar criaderos del mosquito, as\u00ed como evitar las picaduras de mosquitos a trav\u00e9s del uso de repelentes corporales y ambientales.<\/span><\/p>\n","protected":false},"excerpt":{"rendered":"<p>El Ministerio de Salud informa que durante la Semana Epidemiol\u00f3gica 17, del 22 al 28 de abril de 2024, se registraron 651 nuevos casos de Dengue y 1 deceso por Dengue. \u00a0 El total acumulado de casos en el a\u00f1o 2024 es de 10.580, de los cuales corresponden 31 al departamento Ambato, 35 a Ancasti, [&hellip;]<\/p>\n","protected":false},"author":2,"featured_media":375,"comment_status":"open","ping_status":"open","sticky":false,"template":"","format":"standard","meta":{"footnotes":""},"categories":[20],"tags":[],"class_list":{"0":"post-374","1":"post","2":"type-post","3":"status-publish","4":"format-standard","5":"has-post-thumbnail","7":"category-sociedad"},"aioseo_notices":[],"_links":{"self":[{"href":"https:\/\/elfaroonline.com.ar\/index.php\/wp-json\/wp\/v2\/posts\/374","targetHints":{"allow":["GET"]}}],"collection":[{"href":"https:\/\/elfaroonline.com.ar\/index.php\/wp-json\/wp\/v2\/posts"}],"about":[{"href":"https:\/\/elfaroonline.com.ar\/index.php\/wp-json\/wp\/v2\/types\/post"}],"author":[{"embeddable":true,"href":"https:\/\/elfaroonline.com.ar\/index.php\/wp-json\/wp\/v2\/users\/2"}],"replies":[{"embeddable":true,"href":"https:\/\/elfaroonline.com.ar\/index.php\/wp-json\/wp\/v2\/comments?post=374"}],"version-history":[{"count":1,"href":"https:\/\/elfaroonline.com.ar\/index.php\/wp-json\/wp\/v2\/posts\/374\/revisions"}],"predecessor-version":[{"id":376,"href":"https:\/\/elfaroonline.com.ar\/index.php\/wp-json\/wp\/v2\/posts\/374\/revisions\/376"}],"wp:featuredmedia":[{"embeddable":true,"href":"https:\/\/elfaroonline.com.ar\/index.php\/wp-json\/wp\/v2\/media\/375"}],"wp:attachment":[{"href":"https:\/\/elfaroonline.com.ar\/index.php\/wp-json\/wp\/v2\/media?parent=374"}],"wp:term":[{"taxonomy":"category","embeddable":true,"href":"https:\/\/elfaroonline.com.ar\/index.php\/wp-json\/wp\/v2\/categories?post=374"},{"taxonomy":"post_tag","embeddable":true,"href":"https:\/\/elfaroonline.com.ar\/index.php\/wp-json\/wp\/v2\/tags?post=374"}],"curies":[{"name":"wp","href":"https:\/\/api.w.org\/{rel}","templated":true}]}}