{"id":3762,"date":"2025-04-18T10:05:17","date_gmt":"2025-04-18T13:05:17","guid":{"rendered":"https:\/\/elfaroonline.com.ar\/?p=3762"},"modified":"2025-04-18T10:05:17","modified_gmt":"2025-04-18T13:05:17","slug":"la-provincia-advierte-sobre-la-ilegalidad-del-cobro-de-tasas-en-fiambala-a-turistas","status":"publish","type":"post","link":"https:\/\/elfaroonline.com.ar\/index.php\/2025\/04\/18\/la-provincia-advierte-sobre-la-ilegalidad-del-cobro-de-tasas-en-fiambala-a-turistas\/","title":{"rendered":"La Provincia advierte sobre la ilegalidad del cobro de tasas en Fiambal\u00e1 a turistas"},"content":{"rendered":"<p class=\"v1MsoNormal\">Ante la reciente implementaci\u00f3n de tasas por parte del municipio de Fiambal\u00e1 para el ingreso a distintas atracciones tur\u00edsticas y paisaj\u00edsticas, desde el Gobierno provincial se observan una serie de irregularidades.<\/p>\n<p class=\"v1MsoNormal\">En primer lugar, se constata que las tasas impuestas por el municipio son ilegales, ya que no fueron sancionadas conforme a la normativa vigente. Se firmaron mediante decreto, sin la debida aprobaci\u00f3n del Concejo Deliberante, lo cual las torna inconstitucionales.<\/p>\n<p class=\"v1MsoNormal\">Por otra parte, se advierte a los turistas y gu\u00edas que el pago de dichas tasas no es obligatorio, debido a su car\u00e1cter ilegal. En consecuencia, no corresponde su cobro ni exigencia en los accesos a los atractivos tur\u00edsticos de la zona.<\/p>\n<p class=\"v1MsoNormal\">Esta tasa ilegal afecta directamente a una importante cantidad de trabajadores y proveedores tur\u00edsticos de toda la provincia, y va en contramano de la pol\u00edtica provincial de fomento del turismo que se viene llevando adelante desde hace m\u00e1s de 14 a\u00f1os.<\/p>\n<p class=\"v1MsoNormal\">Asimismo, las autoridades del Ministerio de Cultura, Turismo y Deportes subrayan que el ingreso a zona de alta monta\u00f1a, cordillera y atracciones tur\u00edsticas de la zona, solo se puede realizar mediante veh\u00edculos preparados, doble tracci\u00f3n. Se aclara esto en virtud de que, tras haber cobrado una tasa ilegal, el municipio de Fiambal\u00e1 permiti\u00f3 el acceso a veh\u00edculos de tracci\u00f3n simple.<\/p>\n<p class=\"v1MsoNormal\">Finalmente, la provincia de Catamarca ratifica que el Balc\u00f3n del Pissis, sus zonas aleda\u00f1as y otras \u00e1reas de inter\u00e9s tur\u00edstico se encuentran en terrenos que no pertenecen al municipio de Fiambal\u00e1. Por lo tanto, cualquier tributo o tasa que se pretenda establecer sobre estos espacios no puede ser legislado por las autoridades municipales.<\/p>\n<p class=\"v1MsoNormal\"><b>Tinogasta expres\u00f3 su preocupaci\u00f3n<\/b><\/p>\n<p class=\"v1MsoNormal\">A trav\u00e9s de un comunicado, la Secretar\u00eda de Turismo de Tinogasta expres\u00f3 su &#8220;preocupaci\u00f3n ante la decisi\u00f3n del Municipio de Fiambal\u00e1 de imponer un impuesto a los gu\u00edas tur\u00edsticos de nuestra ciudad, especialmente en una fecha clave para el sector como lo es Semana Santa&#8221;.<\/p>\n<p>En otro p\u00e1rrafo del comunicado consideran a la medida como &#8220;injusta y arbitraria&#8221; y que &#8220;afecta directamente a trabajadores registrados que cumplen con todos los requisitos formales, y que han hecho del turismo una actividad profesional y comprometida con el desarrollo local y regional&#8221;.<\/p>\n","protected":false},"excerpt":{"rendered":"<p>Ante la reciente implementaci\u00f3n de tasas por parte del municipio de Fiambal\u00e1 para el ingreso a distintas atracciones tur\u00edsticas y paisaj\u00edsticas, desde el Gobierno provincial se observan una serie de irregularidades. En primer lugar, se constata que las tasas impuestas por el municipio son ilegales, ya que no fueron sancionadas conforme a la normativa vigente. [&hellip;]<\/p>\n","protected":false},"author":2,"featured_media":3763,"comment_status":"open","ping_status":"open","sticky":false,"template":"","format":"standard","meta":{"footnotes":""},"categories":[23,20],"tags":[],"class_list":{"0":"post-3762","1":"post","2":"type-post","3":"status-publish","4":"format-standard","5":"has-post-thumbnail","7":"category-destacados","8":"category-sociedad"},"aioseo_notices":[],"_links":{"self":[{"href":"https:\/\/elfaroonline.com.ar\/index.php\/wp-json\/wp\/v2\/posts\/3762","targetHints":{"allow":["GET"]}}],"collection":[{"href":"https:\/\/elfaroonline.com.ar\/index.php\/wp-json\/wp\/v2\/posts"}],"about":[{"href":"https:\/\/elfaroonline.com.ar\/index.php\/wp-json\/wp\/v2\/types\/post"}],"author":[{"embeddable":true,"href":"https:\/\/elfaroonline.com.ar\/index.php\/wp-json\/wp\/v2\/users\/2"}],"replies":[{"embeddable":true,"href":"https:\/\/elfaroonline.com.ar\/index.php\/wp-json\/wp\/v2\/comments?post=3762"}],"version-history":[{"count":1,"href":"https:\/\/elfaroonline.com.ar\/index.php\/wp-json\/wp\/v2\/posts\/3762\/revisions"}],"predecessor-version":[{"id":3764,"href":"https:\/\/elfaroonline.com.ar\/index.php\/wp-json\/wp\/v2\/posts\/3762\/revisions\/3764"}],"wp:featuredmedia":[{"embeddable":true,"href":"https:\/\/elfaroonline.com.ar\/index.php\/wp-json\/wp\/v2\/media\/3763"}],"wp:attachment":[{"href":"https:\/\/elfaroonline.com.ar\/index.php\/wp-json\/wp\/v2\/media?parent=3762"}],"wp:term":[{"taxonomy":"category","embeddable":true,"href":"https:\/\/elfaroonline.com.ar\/index.php\/wp-json\/wp\/v2\/categories?post=3762"},{"taxonomy":"post_tag","embeddable":true,"href":"https:\/\/elfaroonline.com.ar\/index.php\/wp-json\/wp\/v2\/tags?post=3762"}],"curies":[{"name":"wp","href":"https:\/\/api.w.org\/{rel}","templated":true}]}}