{"id":3765,"date":"2025-04-18T10:04:52","date_gmt":"2025-04-18T13:04:52","guid":{"rendered":"https:\/\/elfaroonline.com.ar\/?p=3765"},"modified":"2025-04-18T10:04:52","modified_gmt":"2025-04-18T13:04:52","slug":"el-ministerio-de-trabajo-y-la-universidad-nacional-de-catamarca-iniciaron-en-andalgala-la-capacitacion-laboral-en-auxiliar-de-perforacion","status":"publish","type":"post","link":"https:\/\/elfaroonline.com.ar\/index.php\/2025\/04\/18\/el-ministerio-de-trabajo-y-la-universidad-nacional-de-catamarca-iniciaron-en-andalgala-la-capacitacion-laboral-en-auxiliar-de-perforacion\/","title":{"rendered":"El Ministerio de Trabajo y la Universidad Nacional de Catamarca iniciaron en Andalgal\u00e1 la capacitaci\u00f3n laboral en Auxiliar de Perforaci\u00f3n"},"content":{"rendered":"<p class=\"v1MsoNormal\">Con m\u00e1s de 350 personas inscriptas y 50 seleccionadas, el Gobierno de la Provincia de Catamarca, a trav\u00e9s del Ministerio de Trabajo, Planificaci\u00f3n y Recursos Humanos y la Universidad Nacional de Catamarca, puso en marcha en Andalgal\u00e1 una nueva capacitaci\u00f3n laboral en el marco del Campus de Entrenamiento Laboral. Se trata del curso de Auxiliar en Perforaci\u00f3n, orientado a brindar herramientas concretas de formaci\u00f3n con salida laboral en sectores t\u00e9cnicos y productivos.<\/p>\n<p class=\"v1MsoNormal\">El Campus de Entrenamiento Laboral es una pol\u00edtica p\u00fablica que impulsa acciones de formaci\u00f3n en territorio, con fuerte vinculaci\u00f3n con el mundo del trabajo. En este caso, la propuesta est\u00e1 dirigida a personas con estudios secundarios completos y combina contenidos te\u00f3ricos y pr\u00e1cticos en entornos reales de trabajo, con foco en la seguridad, el manejo de equipos y la asistencia en procesos operativos.<\/p>\n<p class=\"v1MsoNormal\">La capacitaci\u00f3n es una iniciativa conjunta entre el Ministerio de Trabajo y la Universidad Nacional de Catamarca, desarrollada a trav\u00e9s de la articulaci\u00f3n entre la Subsecretar\u00eda de Inclusi\u00f3n al Mundo Laboral y la Secretar\u00eda de Extensi\u00f3n Universitaria. El dictado est\u00e1 a cargo de la empresa local GyC Perforaciones, cuya participaci\u00f3n fortalece la vinculaci\u00f3n entre los sectores p\u00fablico y privado, aportando experiencia t\u00e9cnica en territorio.<\/p>\n<p class=\"v1MsoNormal\">&#8220;La puesta en marcha del Campus en Andalgal\u00e1 representa un paso concreto para que las oportunidades lleguen al interior. Queremos que cada capacitaci\u00f3n se traduzca en empleo, arraigo y desarrollo local&#8221;, expres\u00f3 la ministra Ver\u00f3nica Soria.<\/p>\n<p class=\"v1MsoNormal\">Con enfoque territorial, certificaci\u00f3n oficial y contenido t\u00e9cnico, el Campus de Entrenamiento Laboral busca reducir la brecha entre la oferta formativa y las demandas del sistema productivo, promoviendo perfiles calificados, empleo genuino y desarrollo sostenible en toda la provincia.<\/p>\n","protected":false},"excerpt":{"rendered":"<p>Con m\u00e1s de 350 personas inscriptas y 50 seleccionadas, el Gobierno de la Provincia de Catamarca, a trav\u00e9s del Ministerio de Trabajo, Planificaci\u00f3n y Recursos Humanos y la Universidad Nacional de Catamarca, puso en marcha en Andalgal\u00e1 una nueva capacitaci\u00f3n laboral en el marco del Campus de Entrenamiento Laboral. Se trata del curso de Auxiliar [&hellip;]<\/p>\n","protected":false},"author":2,"featured_media":3766,"comment_status":"open","ping_status":"open","sticky":false,"template":"","format":"standard","meta":{"footnotes":""},"categories":[23,20],"tags":[],"class_list":{"0":"post-3765","1":"post","2":"type-post","3":"status-publish","4":"format-standard","5":"has-post-thumbnail","7":"category-destacados","8":"category-sociedad"},"aioseo_notices":[],"_links":{"self":[{"href":"https:\/\/elfaroonline.com.ar\/index.php\/wp-json\/wp\/v2\/posts\/3765","targetHints":{"allow":["GET"]}}],"collection":[{"href":"https:\/\/elfaroonline.com.ar\/index.php\/wp-json\/wp\/v2\/posts"}],"about":[{"href":"https:\/\/elfaroonline.com.ar\/index.php\/wp-json\/wp\/v2\/types\/post"}],"author":[{"embeddable":true,"href":"https:\/\/elfaroonline.com.ar\/index.php\/wp-json\/wp\/v2\/users\/2"}],"replies":[{"embeddable":true,"href":"https:\/\/elfaroonline.com.ar\/index.php\/wp-json\/wp\/v2\/comments?post=3765"}],"version-history":[{"count":1,"href":"https:\/\/elfaroonline.com.ar\/index.php\/wp-json\/wp\/v2\/posts\/3765\/revisions"}],"predecessor-version":[{"id":3767,"href":"https:\/\/elfaroonline.com.ar\/index.php\/wp-json\/wp\/v2\/posts\/3765\/revisions\/3767"}],"wp:featuredmedia":[{"embeddable":true,"href":"https:\/\/elfaroonline.com.ar\/index.php\/wp-json\/wp\/v2\/media\/3766"}],"wp:attachment":[{"href":"https:\/\/elfaroonline.com.ar\/index.php\/wp-json\/wp\/v2\/media?parent=3765"}],"wp:term":[{"taxonomy":"category","embeddable":true,"href":"https:\/\/elfaroonline.com.ar\/index.php\/wp-json\/wp\/v2\/categories?post=3765"},{"taxonomy":"post_tag","embeddable":true,"href":"https:\/\/elfaroonline.com.ar\/index.php\/wp-json\/wp\/v2\/tags?post=3765"}],"curies":[{"name":"wp","href":"https:\/\/api.w.org\/{rel}","templated":true}]}}