{"id":3768,"date":"2025-04-18T10:04:22","date_gmt":"2025-04-18T13:04:22","guid":{"rendered":"https:\/\/elfaroonline.com.ar\/?p=3768"},"modified":"2025-04-18T10:04:22","modified_gmt":"2025-04-18T13:04:22","slug":"seguridad-analizo-el-mapa-del-delito-en-la-provincia","status":"publish","type":"post","link":"https:\/\/elfaroonline.com.ar\/index.php\/2025\/04\/18\/seguridad-analizo-el-mapa-del-delito-en-la-provincia\/","title":{"rendered":"Seguridad analiz\u00f3 el mapa del delito en la provincia"},"content":{"rendered":"<p class=\"v1MsoNormal\">Como cada semana, se llev\u00f3 a cabo una nueva reuni\u00f3n de trabajo destinada al an\u00e1lisis del mapa delictual correspondiente a los \u00faltimos siete d\u00edas. La misma fue encabezada por el Secretario de Seguridad, Dr. Leandro Luna, y el Jefe de Polic\u00eda de la Provincia, Crio. Gral. (R.E) Marcos Herrera.<\/p>\n<p class=\"v1MsoNormal\">Participaron tambi\u00e9n representantes de las distintas \u00e1reas estrat\u00e9gicas de la Polic\u00eda provincial, los jefes de las 13 comisar\u00edas de la Capital y el director de Planes de Seguridad del SAE 911, quienes aportaron datos clave para el diagn\u00f3stico de la situaci\u00f3n delictiva en el territorio.<\/p>\n<p class=\"v1MsoNormal\">En el encuentro se examin\u00f3 detalladamente la actividad delictiva registrada en la \u00faltima semana, poniendo especial atenci\u00f3n en las zonas m\u00e1s afectadas del ejido capitalino. Este tipo de reuniones permite dise\u00f1ar estrategias integrales de prevenci\u00f3n, respuesta inmediata y fortalecimiento de la presencia policial.<\/p>\n<p class=\"v1MsoNormal\">En ese marco, se defini\u00f3 la continuidad de los operativos semanales coordinados entre las unidades especializadas, con el objetivo de reducir los \u00edndices delictivos y reforzar la protecci\u00f3n a la comunidad.<\/p>\n","protected":false},"excerpt":{"rendered":"<p>Como cada semana, se llev\u00f3 a cabo una nueva reuni\u00f3n de trabajo destinada al an\u00e1lisis del mapa delictual correspondiente a los \u00faltimos siete d\u00edas. La misma fue encabezada por el Secretario de Seguridad, Dr. Leandro Luna, y el Jefe de Polic\u00eda de la Provincia, Crio. Gral. (R.E) Marcos Herrera. Participaron tambi\u00e9n representantes de las distintas [&hellip;]<\/p>\n","protected":false},"author":2,"featured_media":3769,"comment_status":"open","ping_status":"open","sticky":false,"template":"","format":"standard","meta":{"footnotes":""},"categories":[27],"tags":[],"class_list":{"0":"post-3768","1":"post","2":"type-post","3":"status-publish","4":"format-standard","5":"has-post-thumbnail","7":"category-policiales"},"aioseo_notices":[],"_links":{"self":[{"href":"https:\/\/elfaroonline.com.ar\/index.php\/wp-json\/wp\/v2\/posts\/3768","targetHints":{"allow":["GET"]}}],"collection":[{"href":"https:\/\/elfaroonline.com.ar\/index.php\/wp-json\/wp\/v2\/posts"}],"about":[{"href":"https:\/\/elfaroonline.com.ar\/index.php\/wp-json\/wp\/v2\/types\/post"}],"author":[{"embeddable":true,"href":"https:\/\/elfaroonline.com.ar\/index.php\/wp-json\/wp\/v2\/users\/2"}],"replies":[{"embeddable":true,"href":"https:\/\/elfaroonline.com.ar\/index.php\/wp-json\/wp\/v2\/comments?post=3768"}],"version-history":[{"count":1,"href":"https:\/\/elfaroonline.com.ar\/index.php\/wp-json\/wp\/v2\/posts\/3768\/revisions"}],"predecessor-version":[{"id":3770,"href":"https:\/\/elfaroonline.com.ar\/index.php\/wp-json\/wp\/v2\/posts\/3768\/revisions\/3770"}],"wp:featuredmedia":[{"embeddable":true,"href":"https:\/\/elfaroonline.com.ar\/index.php\/wp-json\/wp\/v2\/media\/3769"}],"wp:attachment":[{"href":"https:\/\/elfaroonline.com.ar\/index.php\/wp-json\/wp\/v2\/media?parent=3768"}],"wp:term":[{"taxonomy":"category","embeddable":true,"href":"https:\/\/elfaroonline.com.ar\/index.php\/wp-json\/wp\/v2\/categories?post=3768"},{"taxonomy":"post_tag","embeddable":true,"href":"https:\/\/elfaroonline.com.ar\/index.php\/wp-json\/wp\/v2\/tags?post=3768"}],"curies":[{"name":"wp","href":"https:\/\/api.w.org\/{rel}","templated":true}]}}