{"id":3771,"date":"2025-04-18T10:03:55","date_gmt":"2025-04-18T13:03:55","guid":{"rendered":"https:\/\/elfaroonline.com.ar\/?p=3771"},"modified":"2025-04-18T10:03:55","modified_gmt":"2025-04-18T13:03:55","slug":"el-gobernador-se-reunio-con-ejecutivos-de-rio-tinto-lithium-en-nueva-york","status":"publish","type":"post","link":"https:\/\/elfaroonline.com.ar\/index.php\/2025\/04\/18\/el-gobernador-se-reunio-con-ejecutivos-de-rio-tinto-lithium-en-nueva-york\/","title":{"rendered":"El Gobernador se reuni\u00f3 con ejecutivos de R\u00edo Tinto Lithium en Nueva York"},"content":{"rendered":"<p class=\"v1MsoNormal\">En el marco de su visita de trabajo a Nueva York, el gobernador Ra\u00fal Jalil mantuvo una reuni\u00f3n con el CEO de R\u00edo Tinto Lithium, Paul Graves, y la directora para Asuntos Externos Am\u00e9rica Latina de R\u00edo Tinto, Paula Uribe.<\/p>\n<p class=\"v1MsoNormal\">En el encuentro, donde tambi\u00e9n particip\u00f3 el c\u00f3nsul general de Argentina en Nueva York, Gerardo Diaz Bartolom\u00e9, se repas\u00f3 el estado de las inversiones de la empresa en la provincia, en particular las relacionadas con la segunda etapa del plan de inversi\u00f3n y el estado de presentaci\u00f3n del proyecto Sal de Vida que R\u00edo Tinto Lithium realiz\u00f3 esta semana en aplicaci\u00f3n del RIGI, con una inversi\u00f3n de USD 638 millones, reafirmando su apuesta por Argentina como destino estrat\u00e9gico y consolidando a Catamarca como referente global en litio.<\/p>\n<p class=\"v1MsoNormal\">En relaci\u00f3n con cuestiones log\u00edsticas y de infraestructura, la ocasi\u00f3n sirvi\u00f3 para describir el proceso de pavimentaci\u00f3n que se lleva adelante en la Ruta Provincial N\u00b043, tramo Villa de Antofagasta de la Sierra-L\u00edmite con Salta, con aportes de las empresas mineras adicionales a las regal\u00edas.<\/p>\n","protected":false},"excerpt":{"rendered":"<p>En el marco de su visita de trabajo a Nueva York, el gobernador Ra\u00fal Jalil mantuvo una reuni\u00f3n con el CEO de R\u00edo Tinto Lithium, Paul Graves, y la directora para Asuntos Externos Am\u00e9rica Latina de R\u00edo Tinto, Paula Uribe. En el encuentro, donde tambi\u00e9n particip\u00f3 el c\u00f3nsul general de Argentina en Nueva York, Gerardo [&hellip;]<\/p>\n","protected":false},"author":2,"featured_media":3772,"comment_status":"open","ping_status":"open","sticky":false,"template":"","format":"standard","meta":{"footnotes":""},"categories":[23,21],"tags":[],"class_list":{"0":"post-3771","1":"post","2":"type-post","3":"status-publish","4":"format-standard","5":"has-post-thumbnail","7":"category-destacados","8":"category-politica"},"aioseo_notices":[],"_links":{"self":[{"href":"https:\/\/elfaroonline.com.ar\/index.php\/wp-json\/wp\/v2\/posts\/3771","targetHints":{"allow":["GET"]}}],"collection":[{"href":"https:\/\/elfaroonline.com.ar\/index.php\/wp-json\/wp\/v2\/posts"}],"about":[{"href":"https:\/\/elfaroonline.com.ar\/index.php\/wp-json\/wp\/v2\/types\/post"}],"author":[{"embeddable":true,"href":"https:\/\/elfaroonline.com.ar\/index.php\/wp-json\/wp\/v2\/users\/2"}],"replies":[{"embeddable":true,"href":"https:\/\/elfaroonline.com.ar\/index.php\/wp-json\/wp\/v2\/comments?post=3771"}],"version-history":[{"count":1,"href":"https:\/\/elfaroonline.com.ar\/index.php\/wp-json\/wp\/v2\/posts\/3771\/revisions"}],"predecessor-version":[{"id":3773,"href":"https:\/\/elfaroonline.com.ar\/index.php\/wp-json\/wp\/v2\/posts\/3771\/revisions\/3773"}],"wp:featuredmedia":[{"embeddable":true,"href":"https:\/\/elfaroonline.com.ar\/index.php\/wp-json\/wp\/v2\/media\/3772"}],"wp:attachment":[{"href":"https:\/\/elfaroonline.com.ar\/index.php\/wp-json\/wp\/v2\/media?parent=3771"}],"wp:term":[{"taxonomy":"category","embeddable":true,"href":"https:\/\/elfaroonline.com.ar\/index.php\/wp-json\/wp\/v2\/categories?post=3771"},{"taxonomy":"post_tag","embeddable":true,"href":"https:\/\/elfaroonline.com.ar\/index.php\/wp-json\/wp\/v2\/tags?post=3771"}],"curies":[{"name":"wp","href":"https:\/\/api.w.org\/{rel}","templated":true}]}}