{"id":378,"date":"2024-05-01T09:38:18","date_gmt":"2024-05-01T12:38:18","guid":{"rendered":"https:\/\/elfaroonline.com.ar\/?p=378"},"modified":"2024-05-01T09:38:18","modified_gmt":"2024-05-01T12:38:18","slug":"impulso-regional-al-paso-de-san-francisco","status":"publish","type":"post","link":"https:\/\/elfaroonline.com.ar\/index.php\/2024\/05\/01\/impulso-regional-al-paso-de-san-francisco\/","title":{"rendered":"Impulso regional al Paso de San Francisco"},"content":{"rendered":"<p class=\"v1MsoNormal\"><i>Autoridades provinciales viajaron a Tucum\u00e1n para proyectar acciones conjuntas en pos de fortalecer el potencial exportador de la regi\u00f3n.<\/i><\/p>\n<p class=\"v1MsoNormal\">La ministra de Trabajo, Planificaci\u00f3n y Recursos Humanos de la Provincia, Ver\u00f3nica Soria, encabez\u00f3 la comitiva catamarque\u00f1a que se reuni\u00f3 con la secretaria de Estado de Relaciones Internacionales y Empresariales de Tucum\u00e1n, Virginia \u00c1vila y el presidente de la Uni\u00f3n Industrial de la vecina provincia, Jorge Rocchia Ferro, con el objetivo conjunto de proyectar acciones que impulsen el Paso de San Francisco para mejorar el potencial exportador de las empresas de la regi\u00f3n.<\/p>\n<p class=\"v1MsoNormal\">Los funcionarios y representantes de las entidades empresariales e industriales mantuvieron una serie de reuniones que giraron en torno al trabajo mancomunado tanto de parte de los gobiernos provinciales como del sector privado para respaldar la decisi\u00f3n pol\u00edtica tomada en el marco del reciente Plenario del Comit\u00e9 de Integraci\u00f3n ATACALAR de priorizar el Paso de San Francisco como principal v\u00eda de exportaci\u00f3n de la regi\u00f3n.<\/p>\n<p class=\"v1MsoNormal\">&#8220;Las acciones y el trabajo de muchos a\u00f1os han comenzado a concretarse. Creemos fuertemente que las relaciones y los v\u00ednculos son los que fortalecen estas acciones. Por eso es nuestra intenci\u00f3n respaldar los consensos y acompa\u00f1ar el camino que Catamarca va abriendo para la regi\u00f3n&#8221;, expres\u00f3 <b>Virginia \u00c1vila.<\/b><\/p>\n<p class=\"v1MsoNormal\">Por su parte, el presidente de la Uni\u00f3n Industrial de Tucum\u00e1n expres\u00f3 que es intenci\u00f3n del sector allanar caminos para que las provincias sigan progresando y potenciar la regi\u00f3n a trav\u00e9s del v\u00ednculo entre lo p\u00fablico y lo privado.<\/p>\n<p class=\"v1MsoNormal\">La <b>ministra Ver\u00f3nica Soria<\/b> destac\u00f3 el potencial que representa para la regi\u00f3n el Corredor Bioce\u00e1nico por el Paso de San Francisco y plante\u00f3 la necesidad de continuar trabajando en alianzas estrat\u00e9gicas con las provincias del norte con el objetivo de fortalecer las econom\u00edas regionales.<\/p>\n<p class=\"v1MsoNormal\">En este sentido, expres\u00f3: &#8220;todas las \u00e1reas del Gobierno trabajamos de manera articulada en los ejes de desarrollo de la provincia, en funci\u00f3n de su potencial en materia de miner\u00eda, turismo y agroindustria&#8221;, y agreg\u00f3 que &#8220;Tucum\u00e1n tiene una gran experiencia agroexportadora, por lo que representa un gran aliado para el desarrollo del sector en nuestra provincia&#8221;.<\/p>\n<p class=\"v1MsoNormal\">Las partes se comprometieron a trabajar mancomunadamente con el objetivo de impulsar el potencial del corredor bioce\u00e1nico a trav\u00e9s del Paso de San Francisco.<\/p>\n<p class=\"v1MsoNormal\">Participaron tambi\u00e9n de la reuni\u00f3n Florencia y Gerardo Andriani, Nataly del Valle y Ana Toro, de la Uni\u00f3n Industrial de Tucum\u00e1n; el presidente de la C\u00e1mara de Proveedores Mineros de Catamarca, Manuel G\u00f3mez Bello y funcionarios de ambas provincias.<\/p>\n","protected":false},"excerpt":{"rendered":"<p>Autoridades provinciales viajaron a Tucum\u00e1n para proyectar acciones conjuntas en pos de fortalecer el potencial exportador de la regi\u00f3n. La ministra de Trabajo, Planificaci\u00f3n y Recursos Humanos de la Provincia, Ver\u00f3nica Soria, encabez\u00f3 la comitiva catamarque\u00f1a que se reuni\u00f3 con la secretaria de Estado de Relaciones Internacionales y Empresariales de Tucum\u00e1n, Virginia \u00c1vila y el [&hellip;]<\/p>\n","protected":false},"author":2,"featured_media":379,"comment_status":"open","ping_status":"open","sticky":false,"template":"","format":"standard","meta":{"footnotes":""},"categories":[21],"tags":[],"class_list":{"0":"post-378","1":"post","2":"type-post","3":"status-publish","4":"format-standard","5":"has-post-thumbnail","7":"category-politica"},"aioseo_notices":[],"_links":{"self":[{"href":"https:\/\/elfaroonline.com.ar\/index.php\/wp-json\/wp\/v2\/posts\/378","targetHints":{"allow":["GET"]}}],"collection":[{"href":"https:\/\/elfaroonline.com.ar\/index.php\/wp-json\/wp\/v2\/posts"}],"about":[{"href":"https:\/\/elfaroonline.com.ar\/index.php\/wp-json\/wp\/v2\/types\/post"}],"author":[{"embeddable":true,"href":"https:\/\/elfaroonline.com.ar\/index.php\/wp-json\/wp\/v2\/users\/2"}],"replies":[{"embeddable":true,"href":"https:\/\/elfaroonline.com.ar\/index.php\/wp-json\/wp\/v2\/comments?post=378"}],"version-history":[{"count":1,"href":"https:\/\/elfaroonline.com.ar\/index.php\/wp-json\/wp\/v2\/posts\/378\/revisions"}],"predecessor-version":[{"id":380,"href":"https:\/\/elfaroonline.com.ar\/index.php\/wp-json\/wp\/v2\/posts\/378\/revisions\/380"}],"wp:featuredmedia":[{"embeddable":true,"href":"https:\/\/elfaroonline.com.ar\/index.php\/wp-json\/wp\/v2\/media\/379"}],"wp:attachment":[{"href":"https:\/\/elfaroonline.com.ar\/index.php\/wp-json\/wp\/v2\/media?parent=378"}],"wp:term":[{"taxonomy":"category","embeddable":true,"href":"https:\/\/elfaroonline.com.ar\/index.php\/wp-json\/wp\/v2\/categories?post=378"},{"taxonomy":"post_tag","embeddable":true,"href":"https:\/\/elfaroonline.com.ar\/index.php\/wp-json\/wp\/v2\/tags?post=378"}],"curies":[{"name":"wp","href":"https:\/\/api.w.org\/{rel}","templated":true}]}}