{"id":3785,"date":"2025-04-22T19:37:49","date_gmt":"2025-04-22T22:37:49","guid":{"rendered":"https:\/\/elfaroonline.com.ar\/?p=3785"},"modified":"2025-04-22T19:37:49","modified_gmt":"2025-04-22T22:37:49","slug":"catamarca-avanza-en-la-transformacion-de-la-escuela-secundaria-junto-a-unicef","status":"publish","type":"post","link":"https:\/\/elfaroonline.com.ar\/index.php\/2025\/04\/22\/catamarca-avanza-en-la-transformacion-de-la-escuela-secundaria-junto-a-unicef\/","title":{"rendered":"Catamarca avanza en la transformaci\u00f3n de la escuela secundaria junto a UNICEF"},"content":{"rendered":"<p class=\"v1MsoNormal\">En el Sal\u00f3n Auditorio del Ministerio de Educaci\u00f3n, Ciencia y Tecnolog\u00eda de la provincia, se llev\u00f3 adelante un importante encuentro encabezado por el ministro Dalmacio Mera junto a representantes de UNICEF, con el objetivo de fortalecer el trabajo articulado en el marco del programa PLaNEA.<\/p>\n<p class=\"v1MsoNormal\">La reuni\u00f3n cont\u00f3 con la presencia de Ornella Lotito y Aldana Marrone, representantes del organismo internacional, y se centr\u00f3 en el avance de la transformaci\u00f3n pedag\u00f3gica de la escuela secundaria en Argentina. El programa PLaNEA busca contribuir al desarrollo de un modelo educativo que garantice condiciones \u00f3ptimas para ense\u00f1ar, aprender y promover el bienestar en las escuelas.<\/p>\n<p class=\"v1MsoNormal\">Durante el encuentro, se compartieron detalles sobre la implementaci\u00f3n del programa en escuelas secundarias de la provincia y se establecieron l\u00edneas de acci\u00f3n para cumplir con el principal objetivo de PLaNEA: construir una escuela secundaria inclusiva y de calidad, que brinde a todos los adolescentes m\u00e1s y mejores oportunidades de aprendizaje, y que les permita adquirir saberes y capacidades fundamentales para su desarrollo en el siglo XXI.<\/p>\n<p class=\"v1MsoNormal\">Tambi\u00e9n participaron de la jornada la secretaria de Gesti\u00f3n Educativa, Anah\u00ed Perea; la secretaria de Planificaci\u00f3n y Calidad Educativa, Sonia Aibar; la directora de Educaci\u00f3n Secundaria, Silvina Perea; supervisores del nivel y el equipo t\u00e9cnico de secundaria.<\/p>\n<p class=\"v1MsoNormal\">Al respecto, el ministro Mera destac\u00f3 la jornada de trabajo, expresando que &#8220;este tipo de encuentros son fundamentales para seguir fortaleciendo una visi\u00f3n compartida de una secundaria que no deje a nadie atr\u00e1s. Con UNICEF estamos trabajando para que nuestras escuelas sean espacios de oportunidades reales, donde cada joven encuentre herramientas para construir su presente y su futuro. Apostar por una escuela inclusiva y de calidad no es solo una decisi\u00f3n pedag\u00f3gica, sino una apuesta por el desarrollo de toda nuestra sociedad&#8221;.<\/p>\n","protected":false},"excerpt":{"rendered":"<p>En el Sal\u00f3n Auditorio del Ministerio de Educaci\u00f3n, Ciencia y Tecnolog\u00eda de la provincia, se llev\u00f3 adelante un importante encuentro encabezado por el ministro Dalmacio Mera junto a representantes de UNICEF, con el objetivo de fortalecer el trabajo articulado en el marco del programa PLaNEA. La reuni\u00f3n cont\u00f3 con la presencia de Ornella Lotito y [&hellip;]<\/p>\n","protected":false},"author":2,"featured_media":3786,"comment_status":"open","ping_status":"open","sticky":false,"template":"","format":"standard","meta":{"footnotes":""},"categories":[23,20],"tags":[],"class_list":{"0":"post-3785","1":"post","2":"type-post","3":"status-publish","4":"format-standard","5":"has-post-thumbnail","7":"category-destacados","8":"category-sociedad"},"aioseo_notices":[],"_links":{"self":[{"href":"https:\/\/elfaroonline.com.ar\/index.php\/wp-json\/wp\/v2\/posts\/3785","targetHints":{"allow":["GET"]}}],"collection":[{"href":"https:\/\/elfaroonline.com.ar\/index.php\/wp-json\/wp\/v2\/posts"}],"about":[{"href":"https:\/\/elfaroonline.com.ar\/index.php\/wp-json\/wp\/v2\/types\/post"}],"author":[{"embeddable":true,"href":"https:\/\/elfaroonline.com.ar\/index.php\/wp-json\/wp\/v2\/users\/2"}],"replies":[{"embeddable":true,"href":"https:\/\/elfaroonline.com.ar\/index.php\/wp-json\/wp\/v2\/comments?post=3785"}],"version-history":[{"count":1,"href":"https:\/\/elfaroonline.com.ar\/index.php\/wp-json\/wp\/v2\/posts\/3785\/revisions"}],"predecessor-version":[{"id":3787,"href":"https:\/\/elfaroonline.com.ar\/index.php\/wp-json\/wp\/v2\/posts\/3785\/revisions\/3787"}],"wp:featuredmedia":[{"embeddable":true,"href":"https:\/\/elfaroonline.com.ar\/index.php\/wp-json\/wp\/v2\/media\/3786"}],"wp:attachment":[{"href":"https:\/\/elfaroonline.com.ar\/index.php\/wp-json\/wp\/v2\/media?parent=3785"}],"wp:term":[{"taxonomy":"category","embeddable":true,"href":"https:\/\/elfaroonline.com.ar\/index.php\/wp-json\/wp\/v2\/categories?post=3785"},{"taxonomy":"post_tag","embeddable":true,"href":"https:\/\/elfaroonline.com.ar\/index.php\/wp-json\/wp\/v2\/tags?post=3785"}],"curies":[{"name":"wp","href":"https:\/\/api.w.org\/{rel}","templated":true}]}}