{"id":3791,"date":"2025-04-22T19:43:20","date_gmt":"2025-04-22T22:43:20","guid":{"rendered":"https:\/\/elfaroonline.com.ar\/?p=3791"},"modified":"2025-04-22T19:43:20","modified_gmt":"2025-04-22T22:43:20","slug":"presentan-plan-de-marketing-para-potenciar-el-turismo-del-norte-argentino","status":"publish","type":"post","link":"https:\/\/elfaroonline.com.ar\/index.php\/2025\/04\/22\/presentan-plan-de-marketing-para-potenciar-el-turismo-del-norte-argentino\/","title":{"rendered":"Presentan plan de marketing para potenciar el turismo del Norte Argentino"},"content":{"rendered":"<p class=\"v1MsoNormal\"><i>En la primera asamblea del Ente Norte Turismo realizada en Catamarca.<\/i><\/p>\n<p class=\"v1MsoNormal\">Autoridades de turismo del sector p\u00fablico y privado de Jujuy, Salta, Tucum\u00e1n, Santiago del Estero, La Rioja y Catamarca se reunieron este martes en la primera asamblea del Ente Norte de Turismo, que se realiz\u00f3 en la capital de Catamarca.<\/p>\n<p class=\"v1MsoNormal\">Encabezaron el encuentro el gobernador Ra\u00fal Jalil y la ministra de Cultura, Turismo y Deporte, Daiana Rold\u00e1n, y adem\u00e1s estuvieron presentes el presidente del Ente Tucum\u00e1n Turismo, Domingo Amaya, el subsecretario de Turismo de Santiago del Estero, Nelson Bravo, la secretaria de Turismo de Salta, Nadia Loza, el secretario de Turismo de Jujuy, Diego Valdecantos; el secretario de Turismo De La Rioja, Jos\u00e9 Rosa, y la secretaria de Gesti\u00f3n Tur\u00edstica de la provincia, Evangelina Quar\u00edn.<\/p>\n<p class=\"v1MsoNormal\">En la apertura, la ministra de Catamarca, y presidenta del Ente Norte de Turismo, Daiana Rold\u00e1n agradeci\u00f3 la participaci\u00f3n de los representantes de las seis provincias y en este sentido sostuvo que &#8220;el acompa\u00f1amiento es fundamental para poder avanzar en el plan de marketing del Norte, pero sobre todo para que la regi\u00f3n tenga una herramienta m\u00e1s para el desarrollo del turismo&#8221;.<\/p>\n<p class=\"v1MsoNormal\">El gobernador de Catamarca, Ra\u00fal Jalil, agradeci\u00f3 a los secretarios de Turismo de la regi\u00f3n y consider\u00f3 a la asamblea &#8220;una instancia de trabajo importante para posicionar el norte argentino&#8221;. &#8220;En las reuniones de la mesa del litio planteamos que no podemos dejar ning\u00fan sector productivo fuera de nuestra econom\u00eda por eso trabajamos con todos los representantes de las provincias del Norte Grande en el desarrollo productivo, minero y tur\u00edstico&#8221;, expres\u00f3.<\/p>\n<p class=\"v1MsoNormal\">Durante la jornada, los equipos t\u00e9cnicos de las \u00e1reas de desarrollo y promoci\u00f3n tur\u00edstica, y las c\u00e1maras y asociaciones de cada provincia se dividieron en mesas de trabajo para avanzar en proyectos a fin de fortalecer el desarrollo tur\u00edstico de la regi\u00f3n en conjunto con los referentes del sector privado.<\/p>\n<p class=\"v1MsoNormal\">En esta oportunidad, la secretaria de Turismo de Salta, Nadia Loza present\u00f3 el Plan de Marketing del Norte para los pr\u00f3ximos cinco a\u00f1os para su puesta en com\u00fan y validaci\u00f3n. En paralelo, propuso iniciar en el corto plazo un plan operativo de promoci\u00f3n que contemple plataformas digitales, banco de im\u00e1genes y otras acciones de promoci\u00f3n digitales y presenciales que contribuyan a este relanzamiento del Norte Argentino ante operadores, prensa y audiencias.<\/p>\n<p class=\"v1MsoNormal\">En ese sentido, manifest\u00f3 que el objetivo del plan es &#8220;buscar puntos en com\u00fan en los atractivos de toda la regi\u00f3n y posicionar eso m\u00e1s all\u00e1 de los l\u00edmites geogr\u00e1ficos&#8221;, promoviendo al Norte como destino.<\/p>\n<p class=\"v1MsoNormal\">La jornada culmin\u00f3 con una instancia de validaci\u00f3n del plan promocional, donde los distintos actores presentes pudieron sumar aportes a la propuesta original, lo que permiti\u00f3 el trabajo colaborativo en funci\u00f3n de un objetivo com\u00fan.<\/p>\n","protected":false},"excerpt":{"rendered":"<p>En la primera asamblea del Ente Norte Turismo realizada en Catamarca. Autoridades de turismo del sector p\u00fablico y privado de Jujuy, Salta, Tucum\u00e1n, Santiago del Estero, La Rioja y Catamarca se reunieron este martes en la primera asamblea del Ente Norte de Turismo, que se realiz\u00f3 en la capital de Catamarca. Encabezaron el encuentro el [&hellip;]<\/p>\n","protected":false},"author":2,"featured_media":3792,"comment_status":"open","ping_status":"open","sticky":false,"template":"","format":"standard","meta":{"footnotes":""},"categories":[23,20],"tags":[],"class_list":{"0":"post-3791","1":"post","2":"type-post","3":"status-publish","4":"format-standard","5":"has-post-thumbnail","7":"category-destacados","8":"category-sociedad"},"aioseo_notices":[],"_links":{"self":[{"href":"https:\/\/elfaroonline.com.ar\/index.php\/wp-json\/wp\/v2\/posts\/3791","targetHints":{"allow":["GET"]}}],"collection":[{"href":"https:\/\/elfaroonline.com.ar\/index.php\/wp-json\/wp\/v2\/posts"}],"about":[{"href":"https:\/\/elfaroonline.com.ar\/index.php\/wp-json\/wp\/v2\/types\/post"}],"author":[{"embeddable":true,"href":"https:\/\/elfaroonline.com.ar\/index.php\/wp-json\/wp\/v2\/users\/2"}],"replies":[{"embeddable":true,"href":"https:\/\/elfaroonline.com.ar\/index.php\/wp-json\/wp\/v2\/comments?post=3791"}],"version-history":[{"count":1,"href":"https:\/\/elfaroonline.com.ar\/index.php\/wp-json\/wp\/v2\/posts\/3791\/revisions"}],"predecessor-version":[{"id":3793,"href":"https:\/\/elfaroonline.com.ar\/index.php\/wp-json\/wp\/v2\/posts\/3791\/revisions\/3793"}],"wp:featuredmedia":[{"embeddable":true,"href":"https:\/\/elfaroonline.com.ar\/index.php\/wp-json\/wp\/v2\/media\/3792"}],"wp:attachment":[{"href":"https:\/\/elfaroonline.com.ar\/index.php\/wp-json\/wp\/v2\/media?parent=3791"}],"wp:term":[{"taxonomy":"category","embeddable":true,"href":"https:\/\/elfaroonline.com.ar\/index.php\/wp-json\/wp\/v2\/categories?post=3791"},{"taxonomy":"post_tag","embeddable":true,"href":"https:\/\/elfaroonline.com.ar\/index.php\/wp-json\/wp\/v2\/tags?post=3791"}],"curies":[{"name":"wp","href":"https:\/\/api.w.org\/{rel}","templated":true}]}}