{"id":3794,"date":"2025-04-22T19:45:42","date_gmt":"2025-04-22T22:45:42","guid":{"rendered":"https:\/\/elfaroonline.com.ar\/?p=3794"},"modified":"2025-04-22T19:45:42","modified_gmt":"2025-04-22T22:45:42","slug":"el-concejo-deliberante-reglamentara-la-actividad-de-uber","status":"publish","type":"post","link":"https:\/\/elfaroonline.com.ar\/index.php\/2025\/04\/22\/el-concejo-deliberante-reglamentara-la-actividad-de-uber\/","title":{"rendered":"El Concejo Deliberante reglamentar\u00e1 la actividad de UBER"},"content":{"rendered":"<p>El intendente capitalino, Gustavo Saadi, se acerc\u00f3 hoy al Concejo Deliberante y mantuvo una reuni\u00f3n con los ediles para acordar una soluci\u00f3n definitiva al conflicto planteado por la aparici\u00f3n de nuevos servicios de transporte urbano, a trav\u00e9s de aplicaciones que ofrecen servicios similares a taxis y remises.<br \/>\nParticiparon del encuentro con el jefe comunal el secretario de Gabinete y Modernizaci\u00f3n, Mariano Rosales, y la totalidad de los concejales oficialistas y opositores: Francisco Emiliano Sosa (presidente del cuerpo), Laila Saleme (vicepresidente primera), Carlos Ruben \u00c1lvarez (vicepresidente segundo), Leticia Romero, Mat\u00edas Funes, Juan Pablo Dusso, Germ\u00e1n Kranevitter, Gustavo Emilio Fr\u00edas, Miguel \u00c1ngel Rasjido, Daiana Cippitelli, Alejandro Carrizo, Gilda Godoy, Fernando Navarro y Carmen Moya.<br \/>\nEn la reuni\u00f3n, desarrollada en un marco institucional de respeto y cordialidad, se record\u00f3 que la Carta Org\u00e1nica Municipal, espec\u00edficamente en el Art\u00edculo 55 del Cap\u00edtulo II, referido a los deberes y atribuciones del Concejo Deliberante, establece expresamente la facultad y el deber de &#8220;reglamentar el transporte comercial de personas y de cosas&#8221;.<br \/>\nPor esta raz\u00f3n, el municipio tiene el rol de contralor, tanto para velar por la seguridad de pasajeros y conductores, como para observar el cumplimiento de las normas relacionadas con el tr\u00e1nsito vehicular y de la actividad comercial.<br \/>\nLuego de un profundo an\u00e1lisis de la situaci\u00f3n, que se viene estudiando hace tiempo; la consideraci\u00f3n de los antecedentes de otros distritos del pa\u00eds y las normas legales vigentes, se resolvi\u00f3 dar una respuesta definitiva al conflicto, con la regulaci\u00f3n del servicio, tarea que el intendente solicit\u00f3 que se cumpla lo m\u00e1s r\u00e1pido posible.<br \/>\nExisten ya en \u00e1mbitos del Concejo Deliberante capitalino proyectos y anteproyectos presentados sobre el tema, de modo que es ahora responsabilidad de los concejales darles tratamiento y establecer una normativa para resolver el problema planteado.<br \/>\n&#8220;La ley es clara, es un servicio de transporte y seg\u00fan nuestra Carta Org\u00e1nica tiene que ser regulado por el Estado. Al ponernos en esa obligaci\u00f3n, lo que nos exige la ley como municipio es asegurar que el usuario viaje de manera segura y tenemos que hacerlo&#8221;, expres\u00f3 Saadi.<br \/>\nAl cabo de la reuni\u00f3n se destac\u00f3 el gesto del intendente de responder con institucionalidad y madurez al conflicto, y tambi\u00e9n la apertura de los concejales para comprender que la situaci\u00f3n exige una resoluci\u00f3n, dejando de lado cualquier mezquindad o diferencia.<br \/>\nSe consensu\u00f3 de este modo asumir la responsabilidad legal de regular la actividad y garantizar la seguridad de los ciudadanos con todos los controles correspondientes; protegiendo a los pasajeros y a los trabajadores.<\/p>\n","protected":false},"excerpt":{"rendered":"<p>El intendente capitalino, Gustavo Saadi, se acerc\u00f3 hoy al Concejo Deliberante y mantuvo una reuni\u00f3n con los ediles para acordar una soluci\u00f3n definitiva al conflicto planteado por la aparici\u00f3n de nuevos servicios de transporte urbano, a trav\u00e9s de aplicaciones que ofrecen servicios similares a taxis y remises. Participaron del encuentro con el jefe comunal el [&hellip;]<\/p>\n","protected":false},"author":2,"featured_media":3795,"comment_status":"open","ping_status":"open","sticky":false,"template":"","format":"standard","meta":{"footnotes":""},"categories":[21],"tags":[],"class_list":{"0":"post-3794","1":"post","2":"type-post","3":"status-publish","4":"format-standard","5":"has-post-thumbnail","7":"category-politica"},"aioseo_notices":[],"_links":{"self":[{"href":"https:\/\/elfaroonline.com.ar\/index.php\/wp-json\/wp\/v2\/posts\/3794","targetHints":{"allow":["GET"]}}],"collection":[{"href":"https:\/\/elfaroonline.com.ar\/index.php\/wp-json\/wp\/v2\/posts"}],"about":[{"href":"https:\/\/elfaroonline.com.ar\/index.php\/wp-json\/wp\/v2\/types\/post"}],"author":[{"embeddable":true,"href":"https:\/\/elfaroonline.com.ar\/index.php\/wp-json\/wp\/v2\/users\/2"}],"replies":[{"embeddable":true,"href":"https:\/\/elfaroonline.com.ar\/index.php\/wp-json\/wp\/v2\/comments?post=3794"}],"version-history":[{"count":1,"href":"https:\/\/elfaroonline.com.ar\/index.php\/wp-json\/wp\/v2\/posts\/3794\/revisions"}],"predecessor-version":[{"id":3796,"href":"https:\/\/elfaroonline.com.ar\/index.php\/wp-json\/wp\/v2\/posts\/3794\/revisions\/3796"}],"wp:featuredmedia":[{"embeddable":true,"href":"https:\/\/elfaroonline.com.ar\/index.php\/wp-json\/wp\/v2\/media\/3795"}],"wp:attachment":[{"href":"https:\/\/elfaroonline.com.ar\/index.php\/wp-json\/wp\/v2\/media?parent=3794"}],"wp:term":[{"taxonomy":"category","embeddable":true,"href":"https:\/\/elfaroonline.com.ar\/index.php\/wp-json\/wp\/v2\/categories?post=3794"},{"taxonomy":"post_tag","embeddable":true,"href":"https:\/\/elfaroonline.com.ar\/index.php\/wp-json\/wp\/v2\/tags?post=3794"}],"curies":[{"name":"wp","href":"https:\/\/api.w.org\/{rel}","templated":true}]}}