{"id":3797,"date":"2025-04-22T19:47:55","date_gmt":"2025-04-22T22:47:55","guid":{"rendered":"https:\/\/elfaroonline.com.ar\/?p=3797"},"modified":"2025-04-22T19:47:55","modified_gmt":"2025-04-22T22:47:55","slug":"impulsan-acciones-para-fortalecer-la-produccion-de-nuez-en-belen","status":"publish","type":"post","link":"https:\/\/elfaroonline.com.ar\/index.php\/2025\/04\/22\/impulsan-acciones-para-fortalecer-la-produccion-de-nuez-en-belen\/","title":{"rendered":"Impulsan acciones para fortalecer la producci\u00f3n de nuez en Bel\u00e9n"},"content":{"rendered":"<p class=\"v1MsoNormal\"><i>Se trabaja en un plan integral que beneficiar\u00e1 a m\u00e1s de 300 productores del departamento.<\/i><\/p>\n<p class=\"v1MsoNormal\">\n<p class=\"v1MsoNormal\">El ministro de Desarrollo Productivo, Juan Cruz Miranda, recibi\u00f3 a la senadora por Bel\u00e9n, Soledad Blas, y a los intendentes Jos\u00e9 Yapura (Pozo de Piedra) y Alberto Espinoza (Puerta de San Jos\u00e9), con el objetivo de delinear una agenda de trabajo que fortalezca la cadena productiva de la nuez en el norte del departamento.<\/p>\n<p class=\"v1MsoNormal\">Ambas jurisdicciones son las principales productoras del fruto en la zona, y se acord\u00f3 avanzar con acciones concretas, a corto y mediano plazo, que mejoren el manejo del cultivo y generen mayores oportunidades para los m\u00e1s de 300 productores involucrados.<\/p>\n<p class=\"v1MsoNormal\">Entre los ejes abordados, se destac\u00f3 la necesidad de brindar capacitaciones t\u00e9cnicas, facilitar el acceso a canales de comercializaci\u00f3n y avanzar en la creaci\u00f3n de una marca local que potencie la presencia del producto en los mercados provincial y nacional.<\/p>\n<p class=\"v1MsoNormal\">Como parte de este plan, t\u00e9cnicos de la cartera productiva realizar\u00e1n una visita a la Planta de Procesamiento de Nuez, ubicada en la localidad de La Ci\u00e9naga, para evaluar su estado y definir estrategias concretas en materia de comercializaci\u00f3n, capacitaci\u00f3n y control de plagas en los campos nogaleros. Esta iniciativa busca agregar valor a la producci\u00f3n local, generar empleo y mejorar la rentabilidad del sector.<\/p>\n<p class=\"v1MsoNormal\">Tambi\u00e9n se articul\u00f3 con los jefes comunales la difusi\u00f3n del Programa de Agregado de Valor en Origen, que impulsa las econom\u00edas regionales fortaleciendo la producci\u00f3n local, su calidad y su comercializaci\u00f3n.<\/p>\n<p class=\"v1MsoNormal\">Este programa incluye dos l\u00edneas de trabajo: Operativo Frascos y Operativo Botellas, que permiten a los productores catamarque\u00f1os acceder a insumos necesarios para fraccionar y comercializar su producci\u00f3n, generando mayor competitividad. La iniciativa es llevada adelante por la Direcci\u00f3n Provincial de Certificaci\u00f3n, Comercializaci\u00f3n y Agricultura Sostenible.<\/p>\n<p class=\"v1MsoNormal\">Adem\u00e1s, se coordin\u00f3 la realizaci\u00f3n de una edici\u00f3n del Mercado Itinerante para el pr\u00f3ximo viernes 23 de mayo en ambas jurisdicciones, con la venta de productos l\u00e1cteos de COTALI, enlatados de la f\u00e1brica CAMINO y la participaci\u00f3n de productores locales.<\/p>\n","protected":false},"excerpt":{"rendered":"<p>Se trabaja en un plan integral que beneficiar\u00e1 a m\u00e1s de 300 productores del departamento. El ministro de Desarrollo Productivo, Juan Cruz Miranda, recibi\u00f3 a la senadora por Bel\u00e9n, Soledad Blas, y a los intendentes Jos\u00e9 Yapura (Pozo de Piedra) y Alberto Espinoza (Puerta de San Jos\u00e9), con el objetivo de delinear una agenda de [&hellip;]<\/p>\n","protected":false},"author":2,"featured_media":3798,"comment_status":"open","ping_status":"open","sticky":false,"template":"","format":"standard","meta":{"footnotes":""},"categories":[20],"tags":[],"class_list":{"0":"post-3797","1":"post","2":"type-post","3":"status-publish","4":"format-standard","5":"has-post-thumbnail","7":"category-sociedad"},"aioseo_notices":[],"_links":{"self":[{"href":"https:\/\/elfaroonline.com.ar\/index.php\/wp-json\/wp\/v2\/posts\/3797","targetHints":{"allow":["GET"]}}],"collection":[{"href":"https:\/\/elfaroonline.com.ar\/index.php\/wp-json\/wp\/v2\/posts"}],"about":[{"href":"https:\/\/elfaroonline.com.ar\/index.php\/wp-json\/wp\/v2\/types\/post"}],"author":[{"embeddable":true,"href":"https:\/\/elfaroonline.com.ar\/index.php\/wp-json\/wp\/v2\/users\/2"}],"replies":[{"embeddable":true,"href":"https:\/\/elfaroonline.com.ar\/index.php\/wp-json\/wp\/v2\/comments?post=3797"}],"version-history":[{"count":1,"href":"https:\/\/elfaroonline.com.ar\/index.php\/wp-json\/wp\/v2\/posts\/3797\/revisions"}],"predecessor-version":[{"id":3799,"href":"https:\/\/elfaroonline.com.ar\/index.php\/wp-json\/wp\/v2\/posts\/3797\/revisions\/3799"}],"wp:featuredmedia":[{"embeddable":true,"href":"https:\/\/elfaroonline.com.ar\/index.php\/wp-json\/wp\/v2\/media\/3798"}],"wp:attachment":[{"href":"https:\/\/elfaroonline.com.ar\/index.php\/wp-json\/wp\/v2\/media?parent=3797"}],"wp:term":[{"taxonomy":"category","embeddable":true,"href":"https:\/\/elfaroonline.com.ar\/index.php\/wp-json\/wp\/v2\/categories?post=3797"},{"taxonomy":"post_tag","embeddable":true,"href":"https:\/\/elfaroonline.com.ar\/index.php\/wp-json\/wp\/v2\/tags?post=3797"}],"curies":[{"name":"wp","href":"https:\/\/api.w.org\/{rel}","templated":true}]}}