{"id":3800,"date":"2025-04-22T19:54:52","date_gmt":"2025-04-22T22:54:52","guid":{"rendered":"https:\/\/elfaroonline.com.ar\/?p=3800"},"modified":"2025-04-22T19:54:52","modified_gmt":"2025-04-22T22:54:52","slug":"como-es-el-velatorio-privado-de-francisco-respeto-y-oracion-por-el-papa-difunto","status":"publish","type":"post","link":"https:\/\/elfaroonline.com.ar\/index.php\/2025\/04\/22\/como-es-el-velatorio-privado-de-francisco-respeto-y-oracion-por-el-papa-difunto\/","title":{"rendered":"C\u00f3mo es el velatorio privado de Francisco: respeto y oraci\u00f3n por el papa difunto"},"content":{"rendered":"<p>Dos guardias suizos velan d\u00eda y noche el f\u00e9retro del <b>papa Francisco<\/b> en la capilla de su residencia privada. A su lado, un cirio encendido y a sus pies, pocas flores y algunas personas que rezan por \u00e9l, \u00fanicamente cl\u00e9rigos, monjas o empleados vaticanos, todos sumidos en un clima de profundo respeto.<\/p>\n<p>El velatorio ha sido dispuesto en la que en sus poco m\u00e1s de doce a\u00f1os de reinado fue <b>su residencia<\/b>, pues no quiso habitar el Palacio Apost\u00f3lico: la <b>Casa Santa Marta<\/b>, un sencillo y m\u00e1s animado edificio dentro del Estado vaticano, junto al \u00e1bside de la bas\u00edlica.<\/p>\n<p><b>El f\u00e9retro es de madera, simple, y ha sido instalado en su capilla privada<\/b>, situada en la planta baja, <b>tal y como \u00e9l mismo quiso <\/b>simplificando las que ser\u00edan sus exequias.<\/p>\n<p>El cuerpo del pont\u00edfice, fallecido ayer lunes con 88 a\u00f1os a causa de un ictus y tras meses con graves problemas respiratorios, ser\u00e1 trasladado este mi\u00e9rcoles a la bas\u00edlica de San Pedro para su exposici\u00f3n ante los fieles.<\/p>\n<div class=\"headline-wrapper\">\n<h2 class=\"header headline-class-h2\">Acceso limitado a Santa Marta<\/h2>\n<\/div>\n<p class=\"paragraph\" data-mrf-recirculation=\"Links inline\">Pero mientras tanto, su capilla ardiente transcurre de forma privada, reservada \u00fanicamente a miembros de la Curia, religiosas o empleados de la Santa Sede que deben mostrar su acreditaci\u00f3n antes de cruzar las murallas del herm\u00e9tico Estado papal, en el centro de Roma.<\/p>\n<p class=\"paragraph\" data-mrf-recirculation=\"Links inline\">Ya dentro, quienes quieran despedir al pont\u00edfice deben aguardar bajo este t\u00f3rrido sol de abril a que un gendarme les permita acceder a Santa Marta, protegida por un <b>severo protocolo de seguridad<\/b>.<\/p>\n<p class=\"paragraph\" data-mrf-recirculation=\"Links inline\">Luego van desfilando por los pasillos de su planta baja, entre santos, v\u00edrgenes y algunas plantas, hasta llegar a la capilla, a la que <b>se entra en grupos peque\u00f1os<\/b>.<\/p>\n<p class=\"paragraph\" data-mrf-recirculation=\"Links inline\">Dentro, varios agentes de la polic\u00eda vaticana y la Guardia Suiza vestidos de civiles controlan concienzudamente que nadie se salga de la l\u00ednea: la se\u00f1a es de m\u00e1ximo respeto y decoro.<\/p>\n<p class=\"paragraph\" data-mrf-recirculation=\"Links inline\">Pero tambi\u00e9n por cuestiones de seguridad, ya que a la residencia ya han empezado a llegar las primeras autoridades eclesi\u00e1sticas, varios purpurados -a buen seguro con la mente ya en el c\u00f3nclave-, y tambi\u00e9n pol\u00edticas, como el presidente de Italia, Sergio Mattarella.<\/p>\n<div class=\"headline-wrapper\">\n<h2 class=\"header headline-class-h2\">Dentro del velatorio<\/h2>\n<\/div>\n<p class=\"paragraph\" data-mrf-recirculation=\"Links inline\"><b>La capilla es una peque\u00f1a sala con techo en forma triangular<\/b>, como una caba\u00f1a de cemento, apoyado en una fila de cuatro columnas y en el que, por un lado, se cuela la luz natural, con una estrecha galer\u00eda de cristales que dan a las murallas leoninas.<\/p>\n<p class=\"paragraph\" data-mrf-recirculation=\"Links inline\"><b>Francisco reposa en el \u00e1bside de la capilla<\/b>, bajo un crucifijo de madera y una inscripci\u00f3n en letras doradas que recorre el techo triangular: \u2018Veni sancte spiritus reple tuorum corda fidelium\u2019, una oraci\u00f3n: \u2019<b>Ven Esp\u00edritu Santo y llena el coraz\u00f3n de tus fieles<\/b>\u2018.<\/p>\n<p class=\"paragraph\" data-mrf-recirculation=\"Links inline\">En la caja, forrada en tela rojo, el papa aparece ataviado con paramentos p\u00farpura, signo de m\u00e1xima distinci\u00f3n y dignidad, con una mitra blanca de obispo en la cabeza y un rosario entre las manos.<\/p>\n<p class=\"paragraph\" data-mrf-recirculation=\"Links inline\"><b>El f\u00e9retro es custodiado d\u00eda y noche por dos guardias suizos<\/b> con su colorido uniforme, yelmo met\u00e1lico, pluma roja y alabarda en mano, pero tambi\u00e9n por los fieles del papa que han llegado al recinto.<\/p>\n<p class=\"paragraph\" data-mrf-recirculation=\"Links inline\">A media ma\u00f1ana, justo despu\u00e9s de la visita de Mattarella, en la capilla hay unos 45 fieles, algunos sentados en sillas y otros de pie: hay varios arzobispos, tal y como indican sus fajines violeta, as\u00ed como religiosas y otras personas que clavan sus rodillas en el suelo para orar profundamente, en medio de un silencio sepulcral.<\/p>\n<p class=\"paragraph\" data-mrf-recirculation=\"Links inline\">Una mujer comete la imprudencia de sacar el tel\u00e9fono del bolsillo, pero uno de los gendarmes que lo vigilan todo, con celo, la abronca y le requisa el aparato, a pesar de la reticencia de la se\u00f1ora. Es el \u00fanico caso. El resto reza, medita o calla, ignorando la escena.<\/p>\n<p class=\"paragraph\" data-mrf-recirculation=\"Links inline\">Otros solo est\u00e1n de paso, desfilan por el pasillo, llegan a la altura del f\u00e9retro, se hacen la se\u00f1al de la Cruz y agachan la cabeza ante el cuerpo inerte del papa en se\u00f1al de respeto.<\/p>\n<p class=\"paragraph\" data-mrf-recirculation=\"Links inline\">A sus pies, sobre una alfombra, alguien ha dejado unos ramitos de flores blancas y amarillas, los colores de la bandera vaticana.<\/p>\n","protected":false},"excerpt":{"rendered":"<p>Dos guardias suizos velan d\u00eda y noche el f\u00e9retro del papa Francisco en la capilla de su residencia privada. A su lado, un cirio encendido y a sus pies, pocas flores y algunas personas que rezan por \u00e9l, \u00fanicamente cl\u00e9rigos, monjas o empleados vaticanos, todos sumidos en un clima de profundo respeto. El velatorio ha [&hellip;]<\/p>\n","protected":false},"author":2,"featured_media":3801,"comment_status":"open","ping_status":"open","sticky":false,"template":"","format":"standard","meta":{"footnotes":""},"categories":[24],"tags":[],"class_list":{"0":"post-3800","1":"post","2":"type-post","3":"status-publish","4":"format-standard","5":"has-post-thumbnail","7":"category-mundo"},"aioseo_notices":[],"_links":{"self":[{"href":"https:\/\/elfaroonline.com.ar\/index.php\/wp-json\/wp\/v2\/posts\/3800","targetHints":{"allow":["GET"]}}],"collection":[{"href":"https:\/\/elfaroonline.com.ar\/index.php\/wp-json\/wp\/v2\/posts"}],"about":[{"href":"https:\/\/elfaroonline.com.ar\/index.php\/wp-json\/wp\/v2\/types\/post"}],"author":[{"embeddable":true,"href":"https:\/\/elfaroonline.com.ar\/index.php\/wp-json\/wp\/v2\/users\/2"}],"replies":[{"embeddable":true,"href":"https:\/\/elfaroonline.com.ar\/index.php\/wp-json\/wp\/v2\/comments?post=3800"}],"version-history":[{"count":1,"href":"https:\/\/elfaroonline.com.ar\/index.php\/wp-json\/wp\/v2\/posts\/3800\/revisions"}],"predecessor-version":[{"id":3802,"href":"https:\/\/elfaroonline.com.ar\/index.php\/wp-json\/wp\/v2\/posts\/3800\/revisions\/3802"}],"wp:featuredmedia":[{"embeddable":true,"href":"https:\/\/elfaroonline.com.ar\/index.php\/wp-json\/wp\/v2\/media\/3801"}],"wp:attachment":[{"href":"https:\/\/elfaroonline.com.ar\/index.php\/wp-json\/wp\/v2\/media?parent=3800"}],"wp:term":[{"taxonomy":"category","embeddable":true,"href":"https:\/\/elfaroonline.com.ar\/index.php\/wp-json\/wp\/v2\/categories?post=3800"},{"taxonomy":"post_tag","embeddable":true,"href":"https:\/\/elfaroonline.com.ar\/index.php\/wp-json\/wp\/v2\/tags?post=3800"}],"curies":[{"name":"wp","href":"https:\/\/api.w.org\/{rel}","templated":true}]}}