{"id":3803,"date":"2025-04-22T19:59:51","date_gmt":"2025-04-22T22:59:51","guid":{"rendered":"https:\/\/elfaroonline.com.ar\/?p=3803"},"modified":"2025-04-22T19:59:51","modified_gmt":"2025-04-22T22:59:51","slug":"la-justicia-condeno-a-cinco-anos-de-prision-a-la-hija-del-narco-mas-poderoso-de-argentina","status":"publish","type":"post","link":"https:\/\/elfaroonline.com.ar\/index.php\/2025\/04\/22\/la-justicia-condeno-a-cinco-anos-de-prision-a-la-hija-del-narco-mas-poderoso-de-argentina\/","title":{"rendered":"La Justicia conden\u00f3 a cinco a\u00f1os de prisi\u00f3n a la hija del narco m\u00e1s poderoso de Argentina"},"content":{"rendered":"<p>Es por una rama paralela a la c\u00e9lebre causa de \u201cCarb\u00f3n blanco\u201d, en la que se descubri\u00f3 que el abogado Carlos Salvatore trafic\u00f3 toneladas de coca\u00edna a Espa\u00f1a y Portugal entre 2005 y 2012. Carla, de 42 a\u00f1os, fue hallada culpable de haber contribuido a lavar el dinero por el Tribunal Oral Federal de Chaco.<\/p>\n<p class=\"paragraph\" data-mrf-recirculation=\"Links inline\">Licenciada en administraci\u00f3n de empresas y martillera p\u00fablica; la hija del capo narco fue condenada por el Tribunal Oral Federal de Chaco, luego de que en 2019, la Justicia la <b>absolviera.<\/b><\/p>\n<div class=\"inline ad-wrapper\">\n<div class=\"dfpAd ad-inline\">\n<div id=\"infobae\/sociedad\/policiales\/nota\/inline\" class=\"infobae\/sociedad\/policiales\/nota\/inline arcad\" data-google-query-id=\"CPHy44ne7IwDFQFV3QIdgoopJg\">Fue el fiscal federal <b>Federico Carniel<\/b>, que investiga todo Carb\u00f3n blanco desde el comienzo de la causa, quien apel\u00f3 esa absoluci\u00f3n y permiti\u00f3 que la Casaci\u00f3n revisara el fallo y <b>ordenara reiniciar el expediente<\/b>.<\/div>\n<div data-google-query-id=\"CPHy44ne7IwDFQFV3QIdgoopJg\">Para Carniel, y para los jueces del Tribunal Oral Federal de Chaco que condenaron a la hija de Salvatore, la mujer particip\u00f3 del negocio ideado por su padre mediante la <b>compra y venta de autos y viviendas<\/b>,<b> <\/b>y que hasta deposit\u00f3 mucho dinero en su cuenta sin justificar los fondos.<\/div>\n<div data-google-query-id=\"CPHy44ne7IwDFQFV3QIdgoopJg\">\n<div class=\"headline-wrapper\">\n<h2 class=\"header headline-class-h2\">C\u00f3mo era la maniobra<\/h2>\n<\/div>\n<p class=\"paragraph\" data-mrf-recirculation=\"Links inline\">A <b>Carla Salvatore<\/b> se le atribuy\u00f3 en el juicio haber sido parte de una <b>estructura organizada de lavado de dinero proveniente del narcotr\u00e1fico<\/b>, liderada por su padre, uno de los narcotraficantes argentinos con mayor poder y que muri\u00f3, preso y enfermo, en 2021.<\/p>\n<p class=\"paragraph\" data-mrf-recirculation=\"Links inline\">La investigaci\u00f3n sostuvo que Salvatore hija habr\u00eda funcionado como una <b>pieza clave en el circuito de blanqueo de capitales<\/b>, al prestar su nombre para constituir <b>sociedades comerciales y cuentas bancarias<\/b> utilizadas para canalizar fondos de origen il\u00edcito.<\/p>\n<p class=\"paragraph\" data-mrf-recirculation=\"Links inline\">De acuerdo con la acusaci\u00f3n formulada por el fiscal, Salvatore figuraba como titular de <b>varias empresas fantasma<\/b> y <b>propiedades adquiridas con dinero sin justificaci\u00f3n legal<\/b>, muchas de ellas ubicadas en el norte del conurbano bonaerense y en zonas estrat\u00e9gicas de Rosario.<\/p>\n<p class=\"paragraph\" data-mrf-recirculation=\"Links inline\">La estructura, seg\u00fan la causa, habr\u00eda funcionado como un \u201c<b>entramado societario y patrimonial<\/b>\u201d con el prop\u00f3sito de disfrazar el verdadero origen del dinero y facilitar su integraci\u00f3n en el sistema econ\u00f3mico formal.<\/p>\n<p class=\"paragraph\" data-mrf-recirculation=\"Links inline\">Adem\u00e1s de figurar como socia o administradora de estas sociedades, la imputaci\u00f3n sostuvo que <b>participaba de manera activa en el manejo financiero<\/b> de algunas de ellas, a pesar de declarar en su defensa que solo actuaba de manera nominal.<\/p>\n<div class=\"headline-wrapper\">\n<h2 class=\"header headline-class-h2\">\u201cYo no sab\u00eda lo que firmaba\u201d<\/h2>\n<\/div>\n<p class=\"paragraph\" data-mrf-recirculation=\"Links inline\">Durante su declaraci\u00f3n ante el tribunal, <b>Carla Salvatore<\/b> neg\u00f3 de forma categ\u00f3rica lo que le endilgaban y afirm\u00f3 que las empresas a su nombre le fueron asignadas por indicaci\u00f3n de su padre y otras personas de su entorno, bajo el supuesto de que eran emprendimientos familiares leg\u00edtimos. \u201c<b>Yo no sab\u00eda lo que firmaba<\/b>\u201d, dijo ante los jueces.<\/p>\n<p class=\"paragraph\" data-mrf-recirculation=\"Links inline\">Se present\u00f3 como una persona <b>sin formaci\u00f3n profesional ni conocimientos jur\u00eddicos o financieros<\/b>, y sostuvo que su involucramiento fue <b>meramente formal y sin voluntad criminal<\/b>.<\/p>\n<p class=\"paragraph\" data-mrf-recirculation=\"Links inline\">A lo largo de su testimonio, insisti\u00f3 en que fue <b>utilizada por su entorno<\/b> y que jam\u00e1s particip\u00f3 en la gesti\u00f3n o el control econ\u00f3mico de las empresas investigadas.<\/p>\n<p class=\"paragraph\" data-mrf-recirculation=\"Links inline\">Asegur\u00f3, adem\u00e1s, que nunca manej\u00f3 dinero en efectivo ni realiz\u00f3 operaciones bancarias por fuera de su cuenta personal, que declar\u00f3 tener desde que era adolescente.<\/p>\n<p class=\"paragraph\" data-mrf-recirculation=\"Links inline\">La ahora condenada tambi\u00e9n apunt\u00f3 contra los fiscales al afirmar que su procesamiento fue \u201cuna <b>decisi\u00f3n basada exclusivamente en prejuicios<\/b> y en su v\u00ednculo familiar\u201d, y que se la juzg\u00f3 <b>por su apellido y no por pruebas objetivas<\/b>.<\/p>\n<\/div>\n<\/div>\n<\/div>\n","protected":false},"excerpt":{"rendered":"<p>Es por una rama paralela a la c\u00e9lebre causa de \u201cCarb\u00f3n blanco\u201d, en la que se descubri\u00f3 que el abogado Carlos Salvatore trafic\u00f3 toneladas de coca\u00edna a Espa\u00f1a y Portugal entre 2005 y 2012. Carla, de 42 a\u00f1os, fue hallada culpable de haber contribuido a lavar el dinero por el Tribunal Oral Federal de Chaco. [&hellip;]<\/p>\n","protected":false},"author":2,"featured_media":3804,"comment_status":"open","ping_status":"open","sticky":false,"template":"","format":"standard","meta":{"footnotes":""},"categories":[22,27],"tags":[],"class_list":{"0":"post-3803","1":"post","2":"type-post","3":"status-publish","4":"format-standard","5":"has-post-thumbnail","7":"category-nacionales","8":"category-policiales"},"aioseo_notices":[],"_links":{"self":[{"href":"https:\/\/elfaroonline.com.ar\/index.php\/wp-json\/wp\/v2\/posts\/3803","targetHints":{"allow":["GET"]}}],"collection":[{"href":"https:\/\/elfaroonline.com.ar\/index.php\/wp-json\/wp\/v2\/posts"}],"about":[{"href":"https:\/\/elfaroonline.com.ar\/index.php\/wp-json\/wp\/v2\/types\/post"}],"author":[{"embeddable":true,"href":"https:\/\/elfaroonline.com.ar\/index.php\/wp-json\/wp\/v2\/users\/2"}],"replies":[{"embeddable":true,"href":"https:\/\/elfaroonline.com.ar\/index.php\/wp-json\/wp\/v2\/comments?post=3803"}],"version-history":[{"count":1,"href":"https:\/\/elfaroonline.com.ar\/index.php\/wp-json\/wp\/v2\/posts\/3803\/revisions"}],"predecessor-version":[{"id":3805,"href":"https:\/\/elfaroonline.com.ar\/index.php\/wp-json\/wp\/v2\/posts\/3803\/revisions\/3805"}],"wp:featuredmedia":[{"embeddable":true,"href":"https:\/\/elfaroonline.com.ar\/index.php\/wp-json\/wp\/v2\/media\/3804"}],"wp:attachment":[{"href":"https:\/\/elfaroonline.com.ar\/index.php\/wp-json\/wp\/v2\/media?parent=3803"}],"wp:term":[{"taxonomy":"category","embeddable":true,"href":"https:\/\/elfaroonline.com.ar\/index.php\/wp-json\/wp\/v2\/categories?post=3803"},{"taxonomy":"post_tag","embeddable":true,"href":"https:\/\/elfaroonline.com.ar\/index.php\/wp-json\/wp\/v2\/tags?post=3803"}],"curies":[{"name":"wp","href":"https:\/\/api.w.org\/{rel}","templated":true}]}}