{"id":381,"date":"2024-05-01T09:47:45","date_gmt":"2024-05-01T12:47:45","guid":{"rendered":"https:\/\/elfaroonline.com.ar\/?p=381"},"modified":"2024-05-01T09:47:45","modified_gmt":"2024-05-01T12:47:45","slug":"el-gobierno-busca-replicar-el-triunfo-de-la-ley-bases-en-el-senado-con-miras-al-pacto-de-mayo","status":"publish","type":"post","link":"https:\/\/elfaroonline.com.ar\/index.php\/2024\/05\/01\/el-gobierno-busca-replicar-el-triunfo-de-la-ley-bases-en-el-senado-con-miras-al-pacto-de-mayo\/","title":{"rendered":"El Gobierno busca replicar el triunfo de la Ley Bases en el Senado con miras al Pacto de Mayo"},"content":{"rendered":"<p>Pocos minutos despu\u00e9s de que la C\u00e1mara de Diputados aprobara por completo la nueva Ley Bases, la secretaria general de la Presidencia,<b>Karina Milei<\/b>, cruz\u00f3 el recinto y se dirigi\u00f3 al Senado para almorzar a solas con la vicepresidenta <b>Victoria Villarruel,<\/b> que en pocos d\u00edas deber\u00e1 encabezar la sesi\u00f3n en la que se definir\u00e1 el futuro del proyecto oficialista.<\/p>\n<p>Las autoridades nacionales buscan que la iniciativa, al igual que el paquete fiscal, sea sancionada por el Congreso antes del 25 de este mes que acaba de iniciar, para que <b>Javier Milei<\/b>cuente con esas herramientas a la hora de firmar el <b>Pacto de Mayo <\/b>con los gobernadores.<\/p>\n<p>En las \u00faltimas 48 horas, junto a la funcionaria estuvieron, por ejemplo, el ministro del Interior,<b>Guillermo Francos<\/b>; el subsecretario de Gesti\u00f3n Institucional,<b> Eduardo \u201cLule\u201d Menem<\/b>; el secretario ejecutivo de Gobierno, <b>Jos\u00e9 Rolandi<\/b>, y el secretario de Interior,<b> Lisandro Catal\u00e1n<\/b>.<\/p>\n<p class=\"paragraph\" data-mrf-recirculation=\"Links inline\">Con el texto ya aprobado en Diputados, el Poder Ejecutivo ya comenz\u00f3 a concentrarse en lo que ser\u00e1 el debate en el Senado, donde el kirchnerismo cuenta con mayor\u00eda, al tener 33 legisladores, lo que complica las negociaciones.<\/p>\n<p class=\"paragraph\" data-mrf-recirculation=\"Links inline\">Si bien las autoridades nacionales aseguran que la media sanci\u00f3n que recibi\u00f3 el proyecto se debe, en gran medida, <b>al consenso conseguido por Francos a trav\u00e9s de los encuentros con l\u00edderes de la oposici\u00f3n<\/b>, entre los que estuvieron los gobernadores, los n\u00fameros en la C\u00e1mara alta <b>complican a La Libertad Avanza.<\/b><\/p>\n","protected":false},"excerpt":{"rendered":"<p>Pocos minutos despu\u00e9s de que la C\u00e1mara de Diputados aprobara por completo la nueva Ley Bases, la secretaria general de la Presidencia,Karina Milei, cruz\u00f3 el recinto y se dirigi\u00f3 al Senado para almorzar a solas con la vicepresidenta Victoria Villarruel, que en pocos d\u00edas deber\u00e1 encabezar la sesi\u00f3n en la que se definir\u00e1 el futuro [&hellip;]<\/p>\n","protected":false},"author":2,"featured_media":382,"comment_status":"open","ping_status":"open","sticky":false,"template":"","format":"standard","meta":{"footnotes":""},"categories":[22],"tags":[],"class_list":{"0":"post-381","1":"post","2":"type-post","3":"status-publish","4":"format-standard","5":"has-post-thumbnail","7":"category-nacionales"},"aioseo_notices":[],"_links":{"self":[{"href":"https:\/\/elfaroonline.com.ar\/index.php\/wp-json\/wp\/v2\/posts\/381","targetHints":{"allow":["GET"]}}],"collection":[{"href":"https:\/\/elfaroonline.com.ar\/index.php\/wp-json\/wp\/v2\/posts"}],"about":[{"href":"https:\/\/elfaroonline.com.ar\/index.php\/wp-json\/wp\/v2\/types\/post"}],"author":[{"embeddable":true,"href":"https:\/\/elfaroonline.com.ar\/index.php\/wp-json\/wp\/v2\/users\/2"}],"replies":[{"embeddable":true,"href":"https:\/\/elfaroonline.com.ar\/index.php\/wp-json\/wp\/v2\/comments?post=381"}],"version-history":[{"count":1,"href":"https:\/\/elfaroonline.com.ar\/index.php\/wp-json\/wp\/v2\/posts\/381\/revisions"}],"predecessor-version":[{"id":383,"href":"https:\/\/elfaroonline.com.ar\/index.php\/wp-json\/wp\/v2\/posts\/381\/revisions\/383"}],"wp:featuredmedia":[{"embeddable":true,"href":"https:\/\/elfaroonline.com.ar\/index.php\/wp-json\/wp\/v2\/media\/382"}],"wp:attachment":[{"href":"https:\/\/elfaroonline.com.ar\/index.php\/wp-json\/wp\/v2\/media?parent=381"}],"wp:term":[{"taxonomy":"category","embeddable":true,"href":"https:\/\/elfaroonline.com.ar\/index.php\/wp-json\/wp\/v2\/categories?post=381"},{"taxonomy":"post_tag","embeddable":true,"href":"https:\/\/elfaroonline.com.ar\/index.php\/wp-json\/wp\/v2\/tags?post=381"}],"curies":[{"name":"wp","href":"https:\/\/api.w.org\/{rel}","templated":true}]}}