{"id":3812,"date":"2025-04-22T21:27:44","date_gmt":"2025-04-23T00:27:44","guid":{"rendered":"https:\/\/elfaroonline.com.ar\/?p=3812"},"modified":"2025-04-22T21:27:44","modified_gmt":"2025-04-23T00:27:44","slug":"audiencia-de-expresion-de-agravios-en-la-sala-de-doble-conforme-por-el-asalto-en-el-barrio-parque-america","status":"publish","type":"post","link":"https:\/\/elfaroonline.com.ar\/index.php\/2025\/04\/22\/audiencia-de-expresion-de-agravios-en-la-sala-de-doble-conforme-por-el-asalto-en-el-barrio-parque-america\/","title":{"rendered":"Audiencia de expresi\u00f3n de agravios en la Sala de Doble Conforme por el asalto en el barrio Parque Am\u00e9rica"},"content":{"rendered":"<p>Se realiz\u00f3 hoy la audiencia de expresi\u00f3n de agravios en el marco de sendos recursos de casaci\u00f3n planteados por los abogados defensores Jorge Rolando Crook y Pedro V\u00e9lez ante la sentencia dictada por la Sala Penal de la Corte de Justicia en la que hace lugar a una presentaci\u00f3n de acci\u00f3n aut\u00f3noma de nulidad por parte de la fiscal Paola Gonz\u00e1lez Pinto.<\/p>\n<p>En la oportunidad, el Dr. Crook en representaci\u00f3n de los querellantes particulares Mat\u00edas Rol\u00f3n y Gustavo Rol\u00f3n, expres\u00f3 que \u201clos procesos no pueden ser eternos\u201d y que la ruptura de la cosa juzgada debe ser un remedio absolutamente excepcional\u201d y pidi\u00f3 a los miembros de la Sala de Doble Conforme que revoque la decisi\u00f3n de la Sala Penal.<\/p>\n<p>Por su parte, el Dr. V\u00e9lez, como defensor t\u00e9cnico de Diego Arroyo, Guillermo Nieva, Fernando Pacheco y Camilo Carrizo, present\u00f3 dos recursos, uno de inconstitucionalidad y otro de casaci\u00f3n asegurando que \u201cla causa de todo es una discrepancia jur\u00eddica que viola diversos principios legales\u201d.<\/p>\n<p>Por \u00faltimo, la fiscal de Instrucci\u00f3n, Dra. Gonz\u00e1lez Pinto, enumer\u00f3 los motivos que la llevaron a realizar la presentaci\u00f3n para que se declare la nulidad del acuerdo solicitado por los imputados con acuerdo de la v\u00edctima de un robo calificado. \u201cLa sentencia del juez ha sido dictada con apariencia de legalidad\u201d, expres\u00f3 tomando parte de los fundamentos de la sentencia de Sala Penal. \u201cUno de los beneficiados de este acuerdo fue declarado reincidente en seis oportunidades y otro ten\u00eda una inhibici\u00f3n general de bienes dictado por la justicia local y, a pesar de ello, ten\u00eda una pyme en su casa, en donde se encontraba con prisi\u00f3n domiciliaria\u201d, agreg\u00f3 la funcionaria.<\/p>\n<p>En otro de los tramos de su exposici\u00f3n asegur\u00f3 que la sentencia del juez de Garant\u00edas \u201cperjudica el derecho de v\u00edctimas de otras causas. Yo, como representante de los intereses de los ciudadanos, represento a casi 800 acreedores que buscan justicia con su cr\u00e9ditos verificados, estas personas han visto vulnerados sus derechos como as\u00ed tambi\u00e9n la posibilidad de cobrar\u201d, agreg\u00f3 Gonz\u00e1lez Pinto al tiempo que inform\u00f3 que recibi\u00f3 informes que acreditan movimientos \u201csospechosos\u201d de las cuentas de uno de los imputados.<\/p>\n<p>El presidente de la Sala, Dr. Jorge Rafael Bracamonte y los ministros Dres. Jos\u00e9 Ricardo C\u00e1ceres y Miguel Figueroa Vicario, dieron por concluida la audiencia para resolver en los pr\u00f3ximas d\u00edas sobre las cuestiones planteadas.<\/p>\n","protected":false},"excerpt":{"rendered":"<p>Se realiz\u00f3 hoy la audiencia de expresi\u00f3n de agravios en el marco de sendos recursos de casaci\u00f3n planteados por los abogados defensores Jorge Rolando Crook y Pedro V\u00e9lez ante la sentencia dictada por la Sala Penal de la Corte de Justicia en la que hace lugar a una presentaci\u00f3n de acci\u00f3n aut\u00f3noma de nulidad por [&hellip;]<\/p>\n","protected":false},"author":2,"featured_media":3813,"comment_status":"open","ping_status":"open","sticky":false,"template":"","format":"standard","meta":{"footnotes":""},"categories":[27],"tags":[],"class_list":{"0":"post-3812","1":"post","2":"type-post","3":"status-publish","4":"format-standard","5":"has-post-thumbnail","7":"category-policiales"},"aioseo_notices":[],"_links":{"self":[{"href":"https:\/\/elfaroonline.com.ar\/index.php\/wp-json\/wp\/v2\/posts\/3812","targetHints":{"allow":["GET"]}}],"collection":[{"href":"https:\/\/elfaroonline.com.ar\/index.php\/wp-json\/wp\/v2\/posts"}],"about":[{"href":"https:\/\/elfaroonline.com.ar\/index.php\/wp-json\/wp\/v2\/types\/post"}],"author":[{"embeddable":true,"href":"https:\/\/elfaroonline.com.ar\/index.php\/wp-json\/wp\/v2\/users\/2"}],"replies":[{"embeddable":true,"href":"https:\/\/elfaroonline.com.ar\/index.php\/wp-json\/wp\/v2\/comments?post=3812"}],"version-history":[{"count":1,"href":"https:\/\/elfaroonline.com.ar\/index.php\/wp-json\/wp\/v2\/posts\/3812\/revisions"}],"predecessor-version":[{"id":3814,"href":"https:\/\/elfaroonline.com.ar\/index.php\/wp-json\/wp\/v2\/posts\/3812\/revisions\/3814"}],"wp:featuredmedia":[{"embeddable":true,"href":"https:\/\/elfaroonline.com.ar\/index.php\/wp-json\/wp\/v2\/media\/3813"}],"wp:attachment":[{"href":"https:\/\/elfaroonline.com.ar\/index.php\/wp-json\/wp\/v2\/media?parent=3812"}],"wp:term":[{"taxonomy":"category","embeddable":true,"href":"https:\/\/elfaroonline.com.ar\/index.php\/wp-json\/wp\/v2\/categories?post=3812"},{"taxonomy":"post_tag","embeddable":true,"href":"https:\/\/elfaroonline.com.ar\/index.php\/wp-json\/wp\/v2\/tags?post=3812"}],"curies":[{"name":"wp","href":"https:\/\/api.w.org\/{rel}","templated":true}]}}