{"id":3816,"date":"2025-04-22T21:31:27","date_gmt":"2025-04-23T00:31:27","guid":{"rendered":"https:\/\/elfaroonline.com.ar\/?p=3816"},"modified":"2025-04-22T21:31:27","modified_gmt":"2025-04-23T00:31:27","slug":"detienen-a-un-hombre-secuestran-casi-1-kilo-de-marihuana-y-dinero-en-efectivo-en-valle-chico","status":"publish","type":"post","link":"https:\/\/elfaroonline.com.ar\/index.php\/2025\/04\/22\/detienen-a-un-hombre-secuestran-casi-1-kilo-de-marihuana-y-dinero-en-efectivo-en-valle-chico\/","title":{"rendered":"Detienen a un hombre, secuestran casi 1 kilo de marihuana y dinero en efectivo en valle chico"},"content":{"rendered":"<p class=\"v1MsoNormal\">Fruto de una minuciosa tarea investigativa relacionada con supuestas infracciones a la Ley Nacional de Estupefacientes N<span lang=\"EN-US\">\u00b0<\/span> 23.737, en la jornada de hoy y bajo las directivas del Juzgado Federal, a cargo del Dr. Miguel \u00c1ngel Contreras, Personal de la <b>Direcci\u00f3n Drogas Peligrosas de la Polic\u00eda de la Provincia <\/b>intercept\u00f3 a un sujeto de 37 a\u00f1os de edad, en inmediaciones a la intersecci\u00f3n de calle N<span lang=\"EN-US\">\u00b0<\/span> 1 y Avenida N<span lang=\"EN-US\">\u00b0<\/span> 2 del Complejo Habitacional Valle Chico.<\/p>\n<p class=\"v1MsoNormal\">Al realizar la requisa correspondiente, los efectivos encontraron entre sus prendas de vestir un envoltorio de pl\u00e1stico que conten\u00eda una sustancia herb\u00e1cea, que al ser sometida a la prueba de campo correspondiente arroj\u00f3 como resultado que se tratar\u00edan de 992 Gr. de Marihuana, que quedaron en calidad de secuestro, al igual que la suma de cincuenta y ocho mil cuatrocientos pesos ($58.400) en efectivo y un (01) tel\u00e9fono celular.<\/p>\n<p class=\"v1MsoNormal\">Finalmente, el hombre fue detenido y trasladado a una dependencia policial, a disposici\u00f3n de la Justicia interviniente, desde donde se indicaron las medidas a seguir.<\/p>\n","protected":false},"excerpt":{"rendered":"<p>Fruto de una minuciosa tarea investigativa relacionada con supuestas infracciones a la Ley Nacional de Estupefacientes N\u00b0 23.737, en la jornada de hoy y bajo las directivas del Juzgado Federal, a cargo del Dr. Miguel \u00c1ngel Contreras, Personal de la Direcci\u00f3n Drogas Peligrosas de la Polic\u00eda de la Provincia intercept\u00f3 a un sujeto de 37 [&hellip;]<\/p>\n","protected":false},"author":2,"featured_media":3818,"comment_status":"open","ping_status":"open","sticky":false,"template":"","format":"standard","meta":{"footnotes":""},"categories":[27],"tags":[],"class_list":{"0":"post-3816","1":"post","2":"type-post","3":"status-publish","4":"format-standard","5":"has-post-thumbnail","7":"category-policiales"},"aioseo_notices":[],"_links":{"self":[{"href":"https:\/\/elfaroonline.com.ar\/index.php\/wp-json\/wp\/v2\/posts\/3816","targetHints":{"allow":["GET"]}}],"collection":[{"href":"https:\/\/elfaroonline.com.ar\/index.php\/wp-json\/wp\/v2\/posts"}],"about":[{"href":"https:\/\/elfaroonline.com.ar\/index.php\/wp-json\/wp\/v2\/types\/post"}],"author":[{"embeddable":true,"href":"https:\/\/elfaroonline.com.ar\/index.php\/wp-json\/wp\/v2\/users\/2"}],"replies":[{"embeddable":true,"href":"https:\/\/elfaroonline.com.ar\/index.php\/wp-json\/wp\/v2\/comments?post=3816"}],"version-history":[{"count":1,"href":"https:\/\/elfaroonline.com.ar\/index.php\/wp-json\/wp\/v2\/posts\/3816\/revisions"}],"predecessor-version":[{"id":3819,"href":"https:\/\/elfaroonline.com.ar\/index.php\/wp-json\/wp\/v2\/posts\/3816\/revisions\/3819"}],"wp:featuredmedia":[{"embeddable":true,"href":"https:\/\/elfaroonline.com.ar\/index.php\/wp-json\/wp\/v2\/media\/3818"}],"wp:attachment":[{"href":"https:\/\/elfaroonline.com.ar\/index.php\/wp-json\/wp\/v2\/media?parent=3816"}],"wp:term":[{"taxonomy":"category","embeddable":true,"href":"https:\/\/elfaroonline.com.ar\/index.php\/wp-json\/wp\/v2\/categories?post=3816"},{"taxonomy":"post_tag","embeddable":true,"href":"https:\/\/elfaroonline.com.ar\/index.php\/wp-json\/wp\/v2\/tags?post=3816"}],"curies":[{"name":"wp","href":"https:\/\/api.w.org\/{rel}","templated":true}]}}