{"id":3821,"date":"2025-04-25T19:33:02","date_gmt":"2025-04-25T22:33:02","guid":{"rendered":"https:\/\/elfaroonline.com.ar\/?p=3821"},"modified":"2025-04-25T19:33:02","modified_gmt":"2025-04-25T22:33:02","slug":"raul-jalil-dialogo-con-la-corte-sobre-la-situacion-financiera-e-infraestructura-del-poder-judicial","status":"publish","type":"post","link":"https:\/\/elfaroonline.com.ar\/index.php\/2025\/04\/25\/raul-jalil-dialogo-con-la-corte-sobre-la-situacion-financiera-e-infraestructura-del-poder-judicial\/","title":{"rendered":"Ra\u00fal Jalil  dialog\u00f3 con la Corte sobre la situaci\u00f3n financiera e infraestructura del Poder Judicial"},"content":{"rendered":"<p class=\"v1MsoNormal\">El gobernador Ra\u00fal Jalil, junto al ministro de Hacienda y Obras P\u00fablicas, Juan Marchetti, mantuvo una reuni\u00f3n con los miembros de la Corte de Justicia de Catamarca, encabezados por su presidente, Hern\u00e1n Martel.<\/p>\n<p class=\"v1MsoNormal\">En el encuentro se abord\u00f3 la situaci\u00f3n financiera que atraviesa la provincia y se analiz\u00f3 el impacto de la coyuntura econ\u00f3mica en el Poder Judicial. El mandatario provincial ofreci\u00f3 un detallado panorama sobre las finanzas p\u00fablicas y las medidas que se vienen adoptando para sostener la actividad estatal.<\/p>\n<p class=\"v1MsoNormal\">Otro de los ejes del di\u00e1logo fue el estado de la infraestructura judicial. En ese sentido, se analizaron aspectos relacionados con el mantenimiento y la mejora de los edificios donde funcionan distintas dependencias del sistema de justicia.<\/p>\n<p class=\"v1MsoNormal\">Adem\u00e1s del presidente de la Corte de Justicia, participaron del encuentro los ministros de justicia Fabiana G\u00f3mez, Fernanda Rosales, Jorge Bracamonte, Ver\u00f3nica Salda\u00f1o y Miguel Figueroa Vicario.<\/p>\n","protected":false},"excerpt":{"rendered":"<p>El gobernador Ra\u00fal Jalil, junto al ministro de Hacienda y Obras P\u00fablicas, Juan Marchetti, mantuvo una reuni\u00f3n con los miembros de la Corte de Justicia de Catamarca, encabezados por su presidente, Hern\u00e1n Martel. En el encuentro se abord\u00f3 la situaci\u00f3n financiera que atraviesa la provincia y se analiz\u00f3 el impacto de la coyuntura econ\u00f3mica en [&hellip;]<\/p>\n","protected":false},"author":2,"featured_media":3822,"comment_status":"open","ping_status":"open","sticky":false,"template":"","format":"standard","meta":{"footnotes":""},"categories":[23,21],"tags":[],"class_list":{"0":"post-3821","1":"post","2":"type-post","3":"status-publish","4":"format-standard","5":"has-post-thumbnail","7":"category-destacados","8":"category-politica"},"aioseo_notices":[],"_links":{"self":[{"href":"https:\/\/elfaroonline.com.ar\/index.php\/wp-json\/wp\/v2\/posts\/3821","targetHints":{"allow":["GET"]}}],"collection":[{"href":"https:\/\/elfaroonline.com.ar\/index.php\/wp-json\/wp\/v2\/posts"}],"about":[{"href":"https:\/\/elfaroonline.com.ar\/index.php\/wp-json\/wp\/v2\/types\/post"}],"author":[{"embeddable":true,"href":"https:\/\/elfaroonline.com.ar\/index.php\/wp-json\/wp\/v2\/users\/2"}],"replies":[{"embeddable":true,"href":"https:\/\/elfaroonline.com.ar\/index.php\/wp-json\/wp\/v2\/comments?post=3821"}],"version-history":[{"count":1,"href":"https:\/\/elfaroonline.com.ar\/index.php\/wp-json\/wp\/v2\/posts\/3821\/revisions"}],"predecessor-version":[{"id":3823,"href":"https:\/\/elfaroonline.com.ar\/index.php\/wp-json\/wp\/v2\/posts\/3821\/revisions\/3823"}],"wp:featuredmedia":[{"embeddable":true,"href":"https:\/\/elfaroonline.com.ar\/index.php\/wp-json\/wp\/v2\/media\/3822"}],"wp:attachment":[{"href":"https:\/\/elfaroonline.com.ar\/index.php\/wp-json\/wp\/v2\/media?parent=3821"}],"wp:term":[{"taxonomy":"category","embeddable":true,"href":"https:\/\/elfaroonline.com.ar\/index.php\/wp-json\/wp\/v2\/categories?post=3821"},{"taxonomy":"post_tag","embeddable":true,"href":"https:\/\/elfaroonline.com.ar\/index.php\/wp-json\/wp\/v2\/tags?post=3821"}],"curies":[{"name":"wp","href":"https:\/\/api.w.org\/{rel}","templated":true}]}}