{"id":3824,"date":"2025-04-25T19:36:00","date_gmt":"2025-04-25T22:36:00","guid":{"rendered":"https:\/\/elfaroonline.com.ar\/?p=3824"},"modified":"2025-04-25T19:36:00","modified_gmt":"2025-04-25T22:36:00","slug":"el-gobierno-impulsa-el-debate-sobre-la-reforma-constitucional-con-una-jornada-juridica","status":"publish","type":"post","link":"https:\/\/elfaroonline.com.ar\/index.php\/2025\/04\/25\/el-gobierno-impulsa-el-debate-sobre-la-reforma-constitucional-con-una-jornada-juridica\/","title":{"rendered":"El Gobierno impulsa el debate sobre la Reforma Constitucional con una jornada jur\u00eddica"},"content":{"rendered":"<p class=\"v1MsoNormal\">El gobernador Ra\u00fal Jalil particip\u00f3 de la Jornada sobre Reforma Constitucional y Poder Constituyente, que se lleva a cabo en la sede del Consejo Profesional de Ciencias Econ\u00f3micas de Catamarca. Este evento, organizado por el Gobierno de la Provincia de Catamarca en colaboraci\u00f3n con la Asociaci\u00f3n Argentina de Justicia Constitucional (AAJC) y la Universidad Nacional de Catamarca, re\u00fane a autoridades de distintos \u00e1mbitos para debatir sobre cuestiones jur\u00eddicas y pol\u00edticas fundamentales.<\/p>\n<p class=\"v1MsoNormal\">La jornada comenz\u00f3 con una serie de disertaciones que abordaron temas jur\u00eddicos y de gesti\u00f3n institucional. La tem\u00e1tica incluy\u00f3 la administraci\u00f3n de justicia, la reforma constitucional y las pol\u00edticas p\u00fablicas.<\/p>\n<p class=\"v1MsoNormal\">El ministro de Gobierno, Seguridad y Justicia de Catamarca, Nicol\u00e1s Rosales Matienzo, present\u00f3 el tema &#8220;La Reforma Constitucional: una necesidad hist\u00f3rica e institucional&#8221;, donde enfatiz\u00f3 que cualquier reforma a la Constituci\u00f3n debe tener como objetivo el bienestar de la ciudadan\u00eda y la eliminaci\u00f3n de privilegios pol\u00edticos.<\/p>\n<p class=\"v1MsoNormal\">El Dr. Patricio Maraniello, presidente de la AAJC, fue el encargado de abrir el ciclo de exposiciones, seguido por el Dr. Sebasti\u00e1n Nanini, especialista en Asuntos Jur\u00eddicos Nacionales e Internacionales. Tambi\u00e9n expuso Eduardo Lludgar, juez vocal del Superior Tribunal de Justicia de Santiago del Estero, quien comparti\u00f3 su experiencia en la justicia provincial, y posteriormente, el Dr. Pablo Frick, juez nacional en lo Comercial, ofreci\u00f3 una exposici\u00f3n sobre temas relacionados con el fuero comercial. A lo largo de la jornada de debate estaba previsto las disertaciones de Norma Belixan (representante de la ANMAT para abordar cuestiones sanitarias con implicancias legales), de Juan Manuel Bordenave (vocal de la AAJC), Javier Barraza (doctor en Derecho por la UBA), y Mariana Catalano, jueza de la C\u00e1mara Federal de Apelaciones de Salta.<\/p>\n<p class=\"v1MsoNormal\">Participaron de la inauguraci\u00f3n el vicegobernador Rub\u00e9n Dusso; la presidenta de la C\u00e1mara de Diputados, Paola Fedeli; el ministro de Gobierno, Seguridad y Justicia, Nicol\u00e1s Rosales; el ministro de Educaci\u00f3n, Ciencia y Tecnolog\u00eda, Dalmacio Mera; el rector de la UNCa, Oscar Arellano; y los ministros de la Corte de Justicia, Hern\u00e1n Martel, Fabiana G\u00f3mez y Jorge Bracamonte, entre otras figuras de la pol\u00edtica provincial, legislativa y judicial.<\/p>\n","protected":false},"excerpt":{"rendered":"<p>El gobernador Ra\u00fal Jalil particip\u00f3 de la Jornada sobre Reforma Constitucional y Poder Constituyente, que se lleva a cabo en la sede del Consejo Profesional de Ciencias Econ\u00f3micas de Catamarca. Este evento, organizado por el Gobierno de la Provincia de Catamarca en colaboraci\u00f3n con la Asociaci\u00f3n Argentina de Justicia Constitucional (AAJC) y la Universidad Nacional [&hellip;]<\/p>\n","protected":false},"author":2,"featured_media":3825,"comment_status":"open","ping_status":"open","sticky":false,"template":"","format":"standard","meta":{"footnotes":""},"categories":[23,21],"tags":[],"class_list":{"0":"post-3824","1":"post","2":"type-post","3":"status-publish","4":"format-standard","5":"has-post-thumbnail","7":"category-destacados","8":"category-politica"},"aioseo_notices":[],"_links":{"self":[{"href":"https:\/\/elfaroonline.com.ar\/index.php\/wp-json\/wp\/v2\/posts\/3824","targetHints":{"allow":["GET"]}}],"collection":[{"href":"https:\/\/elfaroonline.com.ar\/index.php\/wp-json\/wp\/v2\/posts"}],"about":[{"href":"https:\/\/elfaroonline.com.ar\/index.php\/wp-json\/wp\/v2\/types\/post"}],"author":[{"embeddable":true,"href":"https:\/\/elfaroonline.com.ar\/index.php\/wp-json\/wp\/v2\/users\/2"}],"replies":[{"embeddable":true,"href":"https:\/\/elfaroonline.com.ar\/index.php\/wp-json\/wp\/v2\/comments?post=3824"}],"version-history":[{"count":1,"href":"https:\/\/elfaroonline.com.ar\/index.php\/wp-json\/wp\/v2\/posts\/3824\/revisions"}],"predecessor-version":[{"id":3826,"href":"https:\/\/elfaroonline.com.ar\/index.php\/wp-json\/wp\/v2\/posts\/3824\/revisions\/3826"}],"wp:featuredmedia":[{"embeddable":true,"href":"https:\/\/elfaroonline.com.ar\/index.php\/wp-json\/wp\/v2\/media\/3825"}],"wp:attachment":[{"href":"https:\/\/elfaroonline.com.ar\/index.php\/wp-json\/wp\/v2\/media?parent=3824"}],"wp:term":[{"taxonomy":"category","embeddable":true,"href":"https:\/\/elfaroonline.com.ar\/index.php\/wp-json\/wp\/v2\/categories?post=3824"},{"taxonomy":"post_tag","embeddable":true,"href":"https:\/\/elfaroonline.com.ar\/index.php\/wp-json\/wp\/v2\/tags?post=3824"}],"curies":[{"name":"wp","href":"https:\/\/api.w.org\/{rel}","templated":true}]}}