{"id":3827,"date":"2025-04-25T19:38:09","date_gmt":"2025-04-25T22:38:09","guid":{"rendered":"https:\/\/elfaroonline.com.ar\/?p=3827"},"modified":"2025-04-25T19:38:09","modified_gmt":"2025-04-25T22:38:09","slug":"la-fiesta-del-poncho-como-motor-cultural-en-la-feria-del-libro","status":"publish","type":"post","link":"https:\/\/elfaroonline.com.ar\/index.php\/2025\/04\/25\/la-fiesta-del-poncho-como-motor-cultural-en-la-feria-del-libro\/","title":{"rendered":"La Fiesta del Poncho, como motor cultural, en la Feria del Libro"},"content":{"rendered":"<p class=\"v1MsoNormal\">En el marco de la Feria Internacional del Libro de Buenos Aires, que se realiza en la Rural de Palermo, la ministra de Cultura, Turismo y Deporte de Catamarca, Daiana Roldan, fue invitada por la Corporaci\u00f3n Andina de Fomento (CAF-Banco de Desarrollo de Am\u00e9rica Latina y el Caribe) a realizar una presentaci\u00f3n sobre la Fiesta Nacional e Internacional del Poncho en el marco de una mesa panel sobre el impacto econ\u00f3mico de las fiestas populares.<\/p>\n<p class=\"v1MsoNormal\">La propuesta, denominada, &#8220;Impulsando el desarrollo local: el impacto de las fiestas populares&#8221;, busca analizar el impacto econ\u00f3mico y tur\u00edstico de las fiestas populares argentinas, tomando como ejemplo la Fiesta del Choclo y las Humitas en Neuqu\u00e9n, la Vendimia en Mendoza, la Fiesta Nacional del Poncho en Catamarca y la Fiesta Nacional del Sol en San Juan.<\/p>\n<p class=\"v1MsoNormal\">La convocatoria, que promocionar\u00e1 las fiestas populares m\u00e1s importantes del pa\u00eds, es para el domingo 27 de abril desde las 17 horas en el stand 1505 del Pabell\u00f3n Amarillo.<\/p>\n<p class=\"v1MsoNormal\">\n<p class=\"v1MsoNormal\">A trav\u00e9s de una mesa panel con autoridades de Cultura de las otras provincias invitadas, la ministra Rold\u00e1n compartir\u00e1 con sus pares y ante el p\u00fablico invitado por CAF las estrategias de financiamiento, el efecto derrame en las econom\u00edas locales y el potencial de estas festividades como atractivos tur\u00edsticos, buscando promover el intercambio de experiencias y buenas pr\u00e1cticas entre los gobiernos provinciales en un panel que ser\u00e1 moderado por la magistrada y pol\u00edtica espa\u00f1ola Mar\u00eda Victoria Rosell, ex diputada espa\u00f1ola integrante del CAF.<\/p>\n","protected":false},"excerpt":{"rendered":"<p>En el marco de la Feria Internacional del Libro de Buenos Aires, que se realiza en la Rural de Palermo, la ministra de Cultura, Turismo y Deporte de Catamarca, Daiana Roldan, fue invitada por la Corporaci\u00f3n Andina de Fomento (CAF-Banco de Desarrollo de Am\u00e9rica Latina y el Caribe) a realizar una presentaci\u00f3n sobre la Fiesta [&hellip;]<\/p>\n","protected":false},"author":2,"featured_media":3828,"comment_status":"open","ping_status":"open","sticky":false,"template":"","format":"standard","meta":{"footnotes":""},"categories":[20],"tags":[],"class_list":{"0":"post-3827","1":"post","2":"type-post","3":"status-publish","4":"format-standard","5":"has-post-thumbnail","7":"category-sociedad"},"aioseo_notices":[],"_links":{"self":[{"href":"https:\/\/elfaroonline.com.ar\/index.php\/wp-json\/wp\/v2\/posts\/3827","targetHints":{"allow":["GET"]}}],"collection":[{"href":"https:\/\/elfaroonline.com.ar\/index.php\/wp-json\/wp\/v2\/posts"}],"about":[{"href":"https:\/\/elfaroonline.com.ar\/index.php\/wp-json\/wp\/v2\/types\/post"}],"author":[{"embeddable":true,"href":"https:\/\/elfaroonline.com.ar\/index.php\/wp-json\/wp\/v2\/users\/2"}],"replies":[{"embeddable":true,"href":"https:\/\/elfaroonline.com.ar\/index.php\/wp-json\/wp\/v2\/comments?post=3827"}],"version-history":[{"count":1,"href":"https:\/\/elfaroonline.com.ar\/index.php\/wp-json\/wp\/v2\/posts\/3827\/revisions"}],"predecessor-version":[{"id":3829,"href":"https:\/\/elfaroonline.com.ar\/index.php\/wp-json\/wp\/v2\/posts\/3827\/revisions\/3829"}],"wp:featuredmedia":[{"embeddable":true,"href":"https:\/\/elfaroonline.com.ar\/index.php\/wp-json\/wp\/v2\/media\/3828"}],"wp:attachment":[{"href":"https:\/\/elfaroonline.com.ar\/index.php\/wp-json\/wp\/v2\/media?parent=3827"}],"wp:term":[{"taxonomy":"category","embeddable":true,"href":"https:\/\/elfaroonline.com.ar\/index.php\/wp-json\/wp\/v2\/categories?post=3827"},{"taxonomy":"post_tag","embeddable":true,"href":"https:\/\/elfaroonline.com.ar\/index.php\/wp-json\/wp\/v2\/tags?post=3827"}],"curies":[{"name":"wp","href":"https:\/\/api.w.org\/{rel}","templated":true}]}}