{"id":3830,"date":"2025-04-25T19:40:38","date_gmt":"2025-04-25T22:40:38","guid":{"rendered":"https:\/\/elfaroonline.com.ar\/?p=3830"},"modified":"2025-04-25T19:40:38","modified_gmt":"2025-04-25T22:40:38","slug":"articulacion-en-la-lucha-contra-la-violencia-de-genero-el-gobernador-recibio-a-la-secretaria-de-mujeres-de-cordoba","status":"publish","type":"post","link":"https:\/\/elfaroonline.com.ar\/index.php\/2025\/04\/25\/articulacion-en-la-lucha-contra-la-violencia-de-genero-el-gobernador-recibio-a-la-secretaria-de-mujeres-de-cordoba\/","title":{"rendered":"Articulaci\u00f3n en la lucha contra la violencia de g\u00e9nero: El Gobernador recibi\u00f3 a la secretaria de Mujeres de C\u00f3rdoba"},"content":{"rendered":"<p class=\"v1MsoNormal\"><i>En el marco de la entrega de diplomas para la erradicaci\u00f3n de la violencia por motivos de g\u00e9nero.<\/i><\/p>\n<p class=\"v1MsoNormal\">El gobernador Ra\u00fal Jalil recibi\u00f3 en Casa de Gobierno a la secretaria de Mujeres de C\u00f3rdoba, Claudia Mart\u00ednez, en el marco de la entrega de 95 diplomas a Acompa\u00f1antes Comunitarias en contra de la Violencia de G\u00e9nero.<\/p>\n<p class=\"v1MsoNormal\">En la reuni\u00f3n se habl\u00f3 del trabajo articulado que se viene realizando entre la Secretar\u00eda de Mujeres de C\u00f3rdoba y la Direcci\u00f3n Provincial de Pol\u00edticas de Igualdad en G\u00e9nero y Diversidad, que pertenece al Ministerio de Gobierno, Seguridad y Justicia, para contribuir a la erradicaci\u00f3n de las violencias por motivos de g\u00e9nero.<\/p>\n<p class=\"v1MsoNormal\">Tambi\u00e9n celebraron la firma de convenios de cooperaci\u00f3n mutua entre ambas provincias y se consensu\u00f3 poner el foco en la inclusi\u00f3n financiera para mujeres y trabajar con los varones en los procesos de deconstrucci\u00f3n para prevenir y erradicar las violencias por motivos de g\u00e9nero.<\/p>\n<p class=\"v1MsoNormal\">Participaron de la reuni\u00f3n el ministro de Gobierno, Seguridad y Justicia, Nicol\u00e1s Rosales Matienzo; la asesora General de Gobierno, Mara Murua; la directora Provincial de G\u00e9nero y Diversidad, Belky Pennise Zavaley; las directoras del Centro de Varones de C\u00f3rdoba, Bel\u00e9n Sueldo, y de Protecci\u00f3n del Polo de la Mujer, Mariana de los R\u00edos.<\/p>\n","protected":false},"excerpt":{"rendered":"<p>En el marco de la entrega de diplomas para la erradicaci\u00f3n de la violencia por motivos de g\u00e9nero. El gobernador Ra\u00fal Jalil recibi\u00f3 en Casa de Gobierno a la secretaria de Mujeres de C\u00f3rdoba, Claudia Mart\u00ednez, en el marco de la entrega de 95 diplomas a Acompa\u00f1antes Comunitarias en contra de la Violencia de G\u00e9nero. [&hellip;]<\/p>\n","protected":false},"author":2,"featured_media":3831,"comment_status":"open","ping_status":"open","sticky":false,"template":"","format":"standard","meta":{"footnotes":""},"categories":[20],"tags":[],"class_list":{"0":"post-3830","1":"post","2":"type-post","3":"status-publish","4":"format-standard","5":"has-post-thumbnail","7":"category-sociedad"},"aioseo_notices":[],"_links":{"self":[{"href":"https:\/\/elfaroonline.com.ar\/index.php\/wp-json\/wp\/v2\/posts\/3830","targetHints":{"allow":["GET"]}}],"collection":[{"href":"https:\/\/elfaroonline.com.ar\/index.php\/wp-json\/wp\/v2\/posts"}],"about":[{"href":"https:\/\/elfaroonline.com.ar\/index.php\/wp-json\/wp\/v2\/types\/post"}],"author":[{"embeddable":true,"href":"https:\/\/elfaroonline.com.ar\/index.php\/wp-json\/wp\/v2\/users\/2"}],"replies":[{"embeddable":true,"href":"https:\/\/elfaroonline.com.ar\/index.php\/wp-json\/wp\/v2\/comments?post=3830"}],"version-history":[{"count":1,"href":"https:\/\/elfaroonline.com.ar\/index.php\/wp-json\/wp\/v2\/posts\/3830\/revisions"}],"predecessor-version":[{"id":3832,"href":"https:\/\/elfaroonline.com.ar\/index.php\/wp-json\/wp\/v2\/posts\/3830\/revisions\/3832"}],"wp:featuredmedia":[{"embeddable":true,"href":"https:\/\/elfaroonline.com.ar\/index.php\/wp-json\/wp\/v2\/media\/3831"}],"wp:attachment":[{"href":"https:\/\/elfaroonline.com.ar\/index.php\/wp-json\/wp\/v2\/media?parent=3830"}],"wp:term":[{"taxonomy":"category","embeddable":true,"href":"https:\/\/elfaroonline.com.ar\/index.php\/wp-json\/wp\/v2\/categories?post=3830"},{"taxonomy":"post_tag","embeddable":true,"href":"https:\/\/elfaroonline.com.ar\/index.php\/wp-json\/wp\/v2\/tags?post=3830"}],"curies":[{"name":"wp","href":"https:\/\/api.w.org\/{rel}","templated":true}]}}