{"id":3833,"date":"2025-04-25T19:47:01","date_gmt":"2025-04-25T22:47:01","guid":{"rendered":"https:\/\/elfaroonline.com.ar\/?p=3833"},"modified":"2025-04-25T19:47:01","modified_gmt":"2025-04-25T22:47:01","slug":"el-gobierno-convoca-a-inscripciones-para-la-realizacion-de-asambleas-de-reubicacion-de-docentes-en-disponibilidad","status":"publish","type":"post","link":"https:\/\/elfaroonline.com.ar\/index.php\/2025\/04\/25\/el-gobierno-convoca-a-inscripciones-para-la-realizacion-de-asambleas-de-reubicacion-de-docentes-en-disponibilidad\/","title":{"rendered":"El Gobierno convoca a inscripciones para la realizaci\u00f3n de asambleas de reubicaci\u00f3n de docentes en disponibilidad"},"content":{"rendered":"<p class=\"v1MsoNormal\">El Ministerio de Educaci\u00f3n y el Ministerio de Trabajo, Planificaci\u00f3n y Recursos Humanos de la Provincia mantuvieron una reuni\u00f3n con los sindicatos docentes SIDCa, SADOP y ATECa, en la que dieron a conocer la convocatoria a inscripci\u00f3n para la posterior participaci\u00f3n en asambleas de opci\u00f3n de cargos destinadas a docentes titulares en situaci\u00f3n de disponibilidad. La medida alcanza a docentes de los niveles de Educaci\u00f3n Inicial, Primaria, Especial, de Adultos, Secundaria en todas sus modalidades y Nivel Superior.<\/p>\n<p class=\"v1MsoNormal\">Esta convocatoria se fundamenta en el art\u00edculo 22 del Estatuto para el Personal Docente de Catamarca (Ley N\u00b0 3122), que establece el procedimiento aplicable cuando, por razones institucionales como el cambio de planes de estudio o la supresi\u00f3n de cargos, los docentes titulares quedan en situaci\u00f3n de disponibilidad. Dicha normativa garantiza el derecho a percibir haberes y la conservaci\u00f3n de la prioridad para la cobertura de vacantes, adem\u00e1s de prever la reubicaci\u00f3n con intervenci\u00f3n obligatoria de la Junta de Clasificaci\u00f3n correspondiente.<\/p>\n<p class=\"v1MsoNormal\">Al respecto, la secretaria de Gesti\u00f3n Educativa, Anah\u00ed Perea, sostuvo: &#8220;Es necesario establecer un procedimiento transparente y abierto para actualizar la base de datos de los docentes en disponibilidad y realizar el correspondiente listado de orden de m\u00e9rito, priorizando la ubicaci\u00f3n de quienes hace a\u00f1os reclaman un lugar para garantizar su continuidad laboral, en los t\u00e9rminos que establece la normativa&#8221;. En ese sentido, inform\u00f3 que la asamblea correspondiente al nivel Primario est\u00e1 prevista para el d\u00eda 8 de mayo, mientras que la del nivel Secundario se realizar\u00e1 el 9 de mayo.<\/p>\n<p class=\"v1MsoNormal\">Por su parte, la ministra de Trabajo, Planificaci\u00f3n y Recursos Humanos, Ver\u00f3nica Soria, se\u00f1al\u00f3: &#8220;En un contexto econ\u00f3mico distinto, es fundamental optimizar los recursos humanos disponibles, garantizando que cada docente pueda ejercer su derecho al trabajo en condiciones de estabilidad y de acuerdo a sus capacidades profesionales&#8221;.<\/p>\n<p class=\"v1MsoNormal\">El objetivo de esta instancia es promover la continuidad laboral de los agentes afectados por procesos de reorganizaci\u00f3n del sistema educativo, optimizando la cobertura de vacantes de acuerdo a criterios de idoneidad, especialidad, orden de m\u00e9rito y localizaci\u00f3n geogr\u00e1fica. Desde ambos ministerios se reafirm\u00f3 el compromiso con el respeto a los derechos laborales, la planificaci\u00f3n educativa y el fortalecimiento del di\u00e1logo con las organizaciones gremiales.<\/p>\n","protected":false},"excerpt":{"rendered":"<p>El Ministerio de Educaci\u00f3n y el Ministerio de Trabajo, Planificaci\u00f3n y Recursos Humanos de la Provincia mantuvieron una reuni\u00f3n con los sindicatos docentes SIDCa, SADOP y ATECa, en la que dieron a conocer la convocatoria a inscripci\u00f3n para la posterior participaci\u00f3n en asambleas de opci\u00f3n de cargos destinadas a docentes titulares en situaci\u00f3n de disponibilidad. [&hellip;]<\/p>\n","protected":false},"author":2,"featured_media":3834,"comment_status":"open","ping_status":"open","sticky":false,"template":"","format":"standard","meta":{"footnotes":""},"categories":[20],"tags":[],"class_list":{"0":"post-3833","1":"post","2":"type-post","3":"status-publish","4":"format-standard","5":"has-post-thumbnail","7":"category-sociedad"},"aioseo_notices":[],"_links":{"self":[{"href":"https:\/\/elfaroonline.com.ar\/index.php\/wp-json\/wp\/v2\/posts\/3833","targetHints":{"allow":["GET"]}}],"collection":[{"href":"https:\/\/elfaroonline.com.ar\/index.php\/wp-json\/wp\/v2\/posts"}],"about":[{"href":"https:\/\/elfaroonline.com.ar\/index.php\/wp-json\/wp\/v2\/types\/post"}],"author":[{"embeddable":true,"href":"https:\/\/elfaroonline.com.ar\/index.php\/wp-json\/wp\/v2\/users\/2"}],"replies":[{"embeddable":true,"href":"https:\/\/elfaroonline.com.ar\/index.php\/wp-json\/wp\/v2\/comments?post=3833"}],"version-history":[{"count":1,"href":"https:\/\/elfaroonline.com.ar\/index.php\/wp-json\/wp\/v2\/posts\/3833\/revisions"}],"predecessor-version":[{"id":3835,"href":"https:\/\/elfaroonline.com.ar\/index.php\/wp-json\/wp\/v2\/posts\/3833\/revisions\/3835"}],"wp:featuredmedia":[{"embeddable":true,"href":"https:\/\/elfaroonline.com.ar\/index.php\/wp-json\/wp\/v2\/media\/3834"}],"wp:attachment":[{"href":"https:\/\/elfaroonline.com.ar\/index.php\/wp-json\/wp\/v2\/media?parent=3833"}],"wp:term":[{"taxonomy":"category","embeddable":true,"href":"https:\/\/elfaroonline.com.ar\/index.php\/wp-json\/wp\/v2\/categories?post=3833"},{"taxonomy":"post_tag","embeddable":true,"href":"https:\/\/elfaroonline.com.ar\/index.php\/wp-json\/wp\/v2\/tags?post=3833"}],"curies":[{"name":"wp","href":"https:\/\/api.w.org\/{rel}","templated":true}]}}