{"id":3849,"date":"2025-04-28T11:53:13","date_gmt":"2025-04-28T14:53:13","guid":{"rendered":"https:\/\/elfaroonline.com.ar\/?p=3849"},"modified":"2025-04-28T11:53:13","modified_gmt":"2025-04-28T14:53:13","slug":"gobierno-y-la-bolsa-de-comercio-joven-trabajan-en-la-implementacion-de-un-programa-de-educacion-financiera","status":"publish","type":"post","link":"https:\/\/elfaroonline.com.ar\/index.php\/2025\/04\/28\/gobierno-y-la-bolsa-de-comercio-joven-trabajan-en-la-implementacion-de-un-programa-de-educacion-financiera\/","title":{"rendered":"Gobierno y la Bolsa de Comercio Joven trabajan en la implementaci\u00f3n de un programa de Educaci\u00f3n Financiera"},"content":{"rendered":"<p class=\"v1MsoNormal\">El gobernador Ra\u00fal Jalil recibi\u00f3 en Casa de Gobierno a Guido Lanzilotta y Alejandro Bulgheroni (H), presidente y vice de la Bolsa de Comercio Joven (BCJ), respectivamente, quienes vienen desarrollando un programa de Educaci\u00f3n Financiera en distintas provincias del pa\u00eds y que se articular\u00e1 para implementarse en Catamarca.<\/p>\n<p class=\"v1MsoNormal\">En la ocasi\u00f3n, se explic\u00f3 que la Bolsa de Comercio Joven est\u00e1 impulsando este tipo de proyectos de Educaci\u00f3n Financiera en varias provincias, entre ellas Chubut, y ahora se pondr\u00e1 en marcha en Catamarca y Jujuy.<\/p>\n<p class=\"v1MsoNormal\">Tras la reuni\u00f3n, Guido Lanzilotta, presidente de la BCJ, expres\u00f3: &#8220;nos reunimos con el Gobernador para comentarle nuestra propuesta y poder complementar con cuadros t\u00e9cnicos y recursos humanos educativos. Creemos que la Educaci\u00f3n Financiera es un pilar fundamental para los j\u00f3venes a corto, mediano y largo plazo&#8221;, asegur\u00f3.<\/p>\n<p class=\"v1MsoNormal\">La implementaci\u00f3n de este programa de Educaci\u00f3n Financiera en las escuelas de Catamarca apunta a que todos los j\u00f3venes catamarque\u00f1os puedan comenzar a instruirse y aprender sobre esta tem\u00e1tica tan importante en la actualidad y acercar este tipo de conocimiento a las nuevas generaciones para que, al concluir sus estudios secundarios y emprender el camino profesional y de formaci\u00f3n de grado, puedan contar con herramientas en esta materia.<\/p>\n<p class=\"v1MsoNormal\">En el encuentro tambi\u00e9n participaron el vicegobernador Rub\u00e9n Dusso; el ministro de Educaci\u00f3n, Dalmacio Mera; el ministro de Hacienda y Obras P\u00fablicas, Juan Marchetti; el diputado provincial, Gustavo Aguirre, adem\u00e1s de representantes del Consejo Profesional de Ciencias Econ\u00f3micas de Catamarca.<\/p>\n","protected":false},"excerpt":{"rendered":"<p>El gobernador Ra\u00fal Jalil recibi\u00f3 en Casa de Gobierno a Guido Lanzilotta y Alejandro Bulgheroni (H), presidente y vice de la Bolsa de Comercio Joven (BCJ), respectivamente, quienes vienen desarrollando un programa de Educaci\u00f3n Financiera en distintas provincias del pa\u00eds y que se articular\u00e1 para implementarse en Catamarca. En la ocasi\u00f3n, se explic\u00f3 que la [&hellip;]<\/p>\n","protected":false},"author":2,"featured_media":3850,"comment_status":"open","ping_status":"open","sticky":false,"template":"","format":"standard","meta":{"footnotes":""},"categories":[21],"tags":[],"class_list":{"0":"post-3849","1":"post","2":"type-post","3":"status-publish","4":"format-standard","5":"has-post-thumbnail","7":"category-politica"},"aioseo_notices":[],"_links":{"self":[{"href":"https:\/\/elfaroonline.com.ar\/index.php\/wp-json\/wp\/v2\/posts\/3849","targetHints":{"allow":["GET"]}}],"collection":[{"href":"https:\/\/elfaroonline.com.ar\/index.php\/wp-json\/wp\/v2\/posts"}],"about":[{"href":"https:\/\/elfaroonline.com.ar\/index.php\/wp-json\/wp\/v2\/types\/post"}],"author":[{"embeddable":true,"href":"https:\/\/elfaroonline.com.ar\/index.php\/wp-json\/wp\/v2\/users\/2"}],"replies":[{"embeddable":true,"href":"https:\/\/elfaroonline.com.ar\/index.php\/wp-json\/wp\/v2\/comments?post=3849"}],"version-history":[{"count":2,"href":"https:\/\/elfaroonline.com.ar\/index.php\/wp-json\/wp\/v2\/posts\/3849\/revisions"}],"predecessor-version":[{"id":3864,"href":"https:\/\/elfaroonline.com.ar\/index.php\/wp-json\/wp\/v2\/posts\/3849\/revisions\/3864"}],"wp:featuredmedia":[{"embeddable":true,"href":"https:\/\/elfaroonline.com.ar\/index.php\/wp-json\/wp\/v2\/media\/3850"}],"wp:attachment":[{"href":"https:\/\/elfaroonline.com.ar\/index.php\/wp-json\/wp\/v2\/media?parent=3849"}],"wp:term":[{"taxonomy":"category","embeddable":true,"href":"https:\/\/elfaroonline.com.ar\/index.php\/wp-json\/wp\/v2\/categories?post=3849"},{"taxonomy":"post_tag","embeddable":true,"href":"https:\/\/elfaroonline.com.ar\/index.php\/wp-json\/wp\/v2\/tags?post=3849"}],"curies":[{"name":"wp","href":"https:\/\/api.w.org\/{rel}","templated":true}]}}