{"id":3882,"date":"2025-05-30T22:50:39","date_gmt":"2025-05-31T01:50:39","guid":{"rendered":"https:\/\/elfaroonline.com.ar\/?p=3882"},"modified":"2025-05-30T22:50:39","modified_gmt":"2025-05-31T01:50:39","slug":"autoconvocados-docentes-confirman-que-no-marcharan-este-sabado","status":"publish","type":"post","link":"https:\/\/elfaroonline.com.ar\/index.php\/2025\/05\/30\/autoconvocados-docentes-confirman-que-no-marcharan-este-sabado\/","title":{"rendered":"Autoconvocados docentes confirman que no marchar\u00e1n este s\u00e1bado"},"content":{"rendered":"<p>Mediante una publicaci\u00f3n en redes sociales los autoconvocados docentes manifestaron que no \u00a0marchar\u00e1n este s\u00e1bado.<br \/>\nEl anuncio de los docentes en Facebook deja en manifiesto y en forma clara que los autoconvocados consiguieron la derogaci\u00f3n del decreto 884\/25 la semana pasada en una masiva manifestaci\u00f3n, pero dan por sentado que no participar\u00e1n en la marcha que se motoriza para este s\u00e1bado.<\/p>\n<p>\u201dEl jueves 29 de mayo a las 19 horas , hemos realizado nuestra asamblea en la plaza del fog\u00f3n en la que tampoco se hicieron presentes ni se comunicaron los referentes de los sectores involucrados \u201c manifestaron.<\/p>\n<p><img loading=\"lazy\" decoding=\"async\" class=\"alignnone size-full wp-image-3883\" src=\"https:\/\/elfaroonline.com.ar\/wp-content\/uploads\/2025\/05\/ba8df5d6-fcec-4aa1-9645-339e44057808.jpeg\" alt=\"\" width=\"590\" height=\"1280\" srcset=\"https:\/\/elfaroonline.com.ar\/wp-content\/uploads\/2025\/05\/ba8df5d6-fcec-4aa1-9645-339e44057808.jpeg 590w, https:\/\/elfaroonline.com.ar\/wp-content\/uploads\/2025\/05\/ba8df5d6-fcec-4aa1-9645-339e44057808-150x325.jpeg 150w, https:\/\/elfaroonline.com.ar\/wp-content\/uploads\/2025\/05\/ba8df5d6-fcec-4aa1-9645-339e44057808-300x651.jpeg 300w\" sizes=\"auto, (max-width: 590px) 100vw, 590px\" \/><\/p>\n<p>&nbsp;<\/p>\n","protected":false},"excerpt":{"rendered":"<p>Mediante una publicaci\u00f3n en redes sociales los autoconvocados docentes manifestaron que no \u00a0marchar\u00e1n este s\u00e1bado. El anuncio de los docentes en Facebook deja en manifiesto y en forma clara que los autoconvocados consiguieron la derogaci\u00f3n del decreto 884\/25 la semana pasada en una masiva manifestaci\u00f3n, pero dan por sentado que no participar\u00e1n en la marcha [&hellip;]<\/p>\n","protected":false},"author":2,"featured_media":3884,"comment_status":"open","ping_status":"open","sticky":false,"template":"","format":"standard","meta":{"footnotes":""},"categories":[23,20],"tags":[],"class_list":{"0":"post-3882","1":"post","2":"type-post","3":"status-publish","4":"format-standard","5":"has-post-thumbnail","7":"category-destacados","8":"category-sociedad"},"aioseo_notices":[],"_links":{"self":[{"href":"https:\/\/elfaroonline.com.ar\/index.php\/wp-json\/wp\/v2\/posts\/3882","targetHints":{"allow":["GET"]}}],"collection":[{"href":"https:\/\/elfaroonline.com.ar\/index.php\/wp-json\/wp\/v2\/posts"}],"about":[{"href":"https:\/\/elfaroonline.com.ar\/index.php\/wp-json\/wp\/v2\/types\/post"}],"author":[{"embeddable":true,"href":"https:\/\/elfaroonline.com.ar\/index.php\/wp-json\/wp\/v2\/users\/2"}],"replies":[{"embeddable":true,"href":"https:\/\/elfaroonline.com.ar\/index.php\/wp-json\/wp\/v2\/comments?post=3882"}],"version-history":[{"count":2,"href":"https:\/\/elfaroonline.com.ar\/index.php\/wp-json\/wp\/v2\/posts\/3882\/revisions"}],"predecessor-version":[{"id":3886,"href":"https:\/\/elfaroonline.com.ar\/index.php\/wp-json\/wp\/v2\/posts\/3882\/revisions\/3886"}],"wp:featuredmedia":[{"embeddable":true,"href":"https:\/\/elfaroonline.com.ar\/index.php\/wp-json\/wp\/v2\/media\/3884"}],"wp:attachment":[{"href":"https:\/\/elfaroonline.com.ar\/index.php\/wp-json\/wp\/v2\/media?parent=3882"}],"wp:term":[{"taxonomy":"category","embeddable":true,"href":"https:\/\/elfaroonline.com.ar\/index.php\/wp-json\/wp\/v2\/categories?post=3882"},{"taxonomy":"post_tag","embeddable":true,"href":"https:\/\/elfaroonline.com.ar\/index.php\/wp-json\/wp\/v2\/tags?post=3882"}],"curies":[{"name":"wp","href":"https:\/\/api.w.org\/{rel}","templated":true}]}}