{"id":3888,"date":"2025-06-17T10:57:33","date_gmt":"2025-06-17T13:57:33","guid":{"rendered":"https:\/\/elfaroonline.com.ar\/?p=3888"},"modified":"2025-06-17T10:57:33","modified_gmt":"2025-06-17T13:57:33","slug":"policias-le-salvaron-la-vida-a-un-joven","status":"publish","type":"post","link":"https:\/\/elfaroonline.com.ar\/index.php\/2025\/06\/17\/policias-le-salvaron-la-vida-a-un-joven\/","title":{"rendered":"Polic\u00edas le salvaron la vida a un joven"},"content":{"rendered":"<p class=\"v1MsoNormal\">A las <b>23:00<\/b> de anoche, por requerimiento del <b>SAE-911<\/b>, personal de la <b>Seccional D\u00e9cima Primera, <\/b>en colaboraci\u00f3n de sus pares de la <b>Comisar\u00eda Sexta<\/b>, que corresponde por jurisdicci\u00f3n, se constituy\u00f3 en un descampado existente en inmediaciones de la Avenida Camino a Ojo de Agua.<\/p>\n<p class=\"v1MsoNormal\">En el lugar, los polic\u00edas se entrevistaron con dos j\u00f3venes de ambos sexos, quienes manifestaron que su amigo, un <b>joven<\/b> de <b>21 a\u00f1os de edad,<\/b> habr\u00eda publicado en una red social, que iba a atentar contra la vida.<\/p>\n<p class=\"v1MsoNormal\">R\u00e1pidamente, el <b>Comisario H\u00e9ctor Soriano, el Oficial Ayudante Carlos Saavedra<\/b> y el <b>Sargento Carlos Villacorta<\/b> le practicaron maniobras de RCP a esta persona, debido a que presentaba escasos signos vitales, ya que habr\u00eda decido ahorcarse.<\/p>\n<p class=\"v1MsoNormal\">Finalmente, los uniformados lograron estabilizarlo hasta el arribo de personal m\u00e9dico del SAME, quien dispuso trasladarlo al Hospital San Juan Bautista, por lo que Sumariantes de la Unidad Judicial N<span lang=\"EN-US\">\u00b0<\/span> 6 labraron las actuaciones de rigor.<\/p>\n","protected":false},"excerpt":{"rendered":"<p>A las 23:00 de anoche, por requerimiento del SAE-911, personal de la Seccional D\u00e9cima Primera, en colaboraci\u00f3n de sus pares de la Comisar\u00eda Sexta, que corresponde por jurisdicci\u00f3n, se constituy\u00f3 en un descampado existente en inmediaciones de la Avenida Camino a Ojo de Agua. En el lugar, los polic\u00edas se entrevistaron con dos j\u00f3venes de [&hellip;]<\/p>\n","protected":false},"author":2,"featured_media":3889,"comment_status":"open","ping_status":"open","sticky":false,"template":"","format":"standard","meta":{"footnotes":""},"categories":[27],"tags":[],"class_list":{"0":"post-3888","1":"post","2":"type-post","3":"status-publish","4":"format-standard","5":"has-post-thumbnail","7":"category-policiales"},"aioseo_notices":[],"_links":{"self":[{"href":"https:\/\/elfaroonline.com.ar\/index.php\/wp-json\/wp\/v2\/posts\/3888","targetHints":{"allow":["GET"]}}],"collection":[{"href":"https:\/\/elfaroonline.com.ar\/index.php\/wp-json\/wp\/v2\/posts"}],"about":[{"href":"https:\/\/elfaroonline.com.ar\/index.php\/wp-json\/wp\/v2\/types\/post"}],"author":[{"embeddable":true,"href":"https:\/\/elfaroonline.com.ar\/index.php\/wp-json\/wp\/v2\/users\/2"}],"replies":[{"embeddable":true,"href":"https:\/\/elfaroonline.com.ar\/index.php\/wp-json\/wp\/v2\/comments?post=3888"}],"version-history":[{"count":1,"href":"https:\/\/elfaroonline.com.ar\/index.php\/wp-json\/wp\/v2\/posts\/3888\/revisions"}],"predecessor-version":[{"id":3890,"href":"https:\/\/elfaroonline.com.ar\/index.php\/wp-json\/wp\/v2\/posts\/3888\/revisions\/3890"}],"wp:featuredmedia":[{"embeddable":true,"href":"https:\/\/elfaroonline.com.ar\/index.php\/wp-json\/wp\/v2\/media\/3889"}],"wp:attachment":[{"href":"https:\/\/elfaroonline.com.ar\/index.php\/wp-json\/wp\/v2\/media?parent=3888"}],"wp:term":[{"taxonomy":"category","embeddable":true,"href":"https:\/\/elfaroonline.com.ar\/index.php\/wp-json\/wp\/v2\/categories?post=3888"},{"taxonomy":"post_tag","embeddable":true,"href":"https:\/\/elfaroonline.com.ar\/index.php\/wp-json\/wp\/v2\/tags?post=3888"}],"curies":[{"name":"wp","href":"https:\/\/api.w.org\/{rel}","templated":true}]}}