{"id":3891,"date":"2025-06-17T10:58:07","date_gmt":"2025-06-17T13:58:07","guid":{"rendered":"https:\/\/elfaroonline.com.ar\/?p=3891"},"modified":"2025-06-17T10:58:07","modified_gmt":"2025-06-17T13:58:07","slug":"personal-policial-secuestro-un-automovil-por-alcoholemia-positiva-en-el-alto-farinango","status":"publish","type":"post","link":"https:\/\/elfaroonline.com.ar\/index.php\/2025\/06\/17\/personal-policial-secuestro-un-automovil-por-alcoholemia-positiva-en-el-alto-farinango\/","title":{"rendered":"Personal policial secuestr\u00f3 un autom\u00f3vil por alcoholemia positiva en El Alto Fari\u00f1ango"},"content":{"rendered":"<p class=\"v1MsoNormal\">Hoy, a las <b>06:00<\/b>, efectivos de la <b>Seccional S\u00e9ptima<\/b>llegaron hasta la avenida Gob. Arnoldo An\u00edbal Castillo, frente a un boliche del Alto Fari\u00f1ango, donde requer\u00edan su presencia.<\/p>\n<p class=\"v1MsoNormal\">En el lugar, se entrevistaron con sus pares del <b>M\u00f3vil Roma 1,<\/b> quienes momentos antes controlaron un autom\u00f3vil Fiat Siena, de color rojo, conducido por un joven de 20 a\u00f1os de edad, quien habr\u00eda sido sorprendido realizando maniobras peligrosas.<\/p>\n<p class=\"v1MsoNormal\">En ese momento, los uniformados se percataron de que esta persona se encontraba en aparente estado de ebriedad, por lo que solicitaron la presencia de sus pares de la <b>Direcci\u00f3n Seguridad Vial de la Polic\u00eda de la Provincia<\/b>, quienes luego de practicarle el test de alcoholemia, que arroj\u00f3 resultado positivo, remitieron el rodado a la dependencia policial en calidad de secuestro.<\/p>\n","protected":false},"excerpt":{"rendered":"<p>Hoy, a las 06:00, efectivos de la Seccional S\u00e9ptimallegaron hasta la avenida Gob. Arnoldo An\u00edbal Castillo, frente a un boliche del Alto Fari\u00f1ango, donde requer\u00edan su presencia. En el lugar, se entrevistaron con sus pares del M\u00f3vil Roma 1, quienes momentos antes controlaron un autom\u00f3vil Fiat Siena, de color rojo, conducido por un joven de [&hellip;]<\/p>\n","protected":false},"author":2,"featured_media":3892,"comment_status":"open","ping_status":"open","sticky":false,"template":"","format":"standard","meta":{"footnotes":""},"categories":[27],"tags":[],"class_list":{"0":"post-3891","1":"post","2":"type-post","3":"status-publish","4":"format-standard","5":"has-post-thumbnail","7":"category-policiales"},"aioseo_notices":[],"_links":{"self":[{"href":"https:\/\/elfaroonline.com.ar\/index.php\/wp-json\/wp\/v2\/posts\/3891","targetHints":{"allow":["GET"]}}],"collection":[{"href":"https:\/\/elfaroonline.com.ar\/index.php\/wp-json\/wp\/v2\/posts"}],"about":[{"href":"https:\/\/elfaroonline.com.ar\/index.php\/wp-json\/wp\/v2\/types\/post"}],"author":[{"embeddable":true,"href":"https:\/\/elfaroonline.com.ar\/index.php\/wp-json\/wp\/v2\/users\/2"}],"replies":[{"embeddable":true,"href":"https:\/\/elfaroonline.com.ar\/index.php\/wp-json\/wp\/v2\/comments?post=3891"}],"version-history":[{"count":1,"href":"https:\/\/elfaroonline.com.ar\/index.php\/wp-json\/wp\/v2\/posts\/3891\/revisions"}],"predecessor-version":[{"id":3893,"href":"https:\/\/elfaroonline.com.ar\/index.php\/wp-json\/wp\/v2\/posts\/3891\/revisions\/3893"}],"wp:featuredmedia":[{"embeddable":true,"href":"https:\/\/elfaroonline.com.ar\/index.php\/wp-json\/wp\/v2\/media\/3892"}],"wp:attachment":[{"href":"https:\/\/elfaroonline.com.ar\/index.php\/wp-json\/wp\/v2\/media?parent=3891"}],"wp:term":[{"taxonomy":"category","embeddable":true,"href":"https:\/\/elfaroonline.com.ar\/index.php\/wp-json\/wp\/v2\/categories?post=3891"},{"taxonomy":"post_tag","embeddable":true,"href":"https:\/\/elfaroonline.com.ar\/index.php\/wp-json\/wp\/v2\/tags?post=3891"}],"curies":[{"name":"wp","href":"https:\/\/api.w.org\/{rel}","templated":true}]}}