{"id":3894,"date":"2025-06-17T10:58:40","date_gmt":"2025-06-17T13:58:40","guid":{"rendered":"https:\/\/elfaroonline.com.ar\/?p=3894"},"modified":"2025-06-17T10:58:40","modified_gmt":"2025-06-17T13:58:40","slug":"gobierno-y-rectores-de-ies-avanzan-en-cobertura-de-cargos-docentes-y-mejoras-de-infraestructura","status":"publish","type":"post","link":"https:\/\/elfaroonline.com.ar\/index.php\/2025\/06\/17\/gobierno-y-rectores-de-ies-avanzan-en-cobertura-de-cargos-docentes-y-mejoras-de-infraestructura\/","title":{"rendered":"Gobierno y rectores de IES avanzan en cobertura de cargos docentes y mejoras de infraestructura"},"content":{"rendered":"<p class=\"v1MsoNormal\">El gobernador Ra\u00fal Jalil, acompa\u00f1ado por los ministros de Educaci\u00f3n, Nicol\u00e1s Rosales Matienzo, y de Trabajo, Planificaci\u00f3n y Recursos Humanos, Ver\u00f3nica Soria, se reuni\u00f3 con rectores de Institutos de Educaci\u00f3n Superior (IES) de toda la provincia.<\/p>\n<p class=\"v1MsoNormal\">En el encuentro, se discuti\u00f3 la planificaci\u00f3n del trabajo de los institutos para el resto del a\u00f1o y se confirm\u00f3 la normalizaci\u00f3n de los cargos docentes.<\/p>\n<p class=\"v1MsoNormal\">En este sentido, el ministro de Educaci\u00f3n, Nicol\u00e1s Rosales Matienzo, confirm\u00f3 que se dar\u00e1 prioridad a la necesidad de normalizar la cobertura de cargos docentes y que en los pr\u00f3ximos d\u00edas se iniciar\u00e1n los procesos de concursos para cubrir los cargos que requieren ser cubiertos.<\/p>\n<p class=\"v1MsoNormal\">Por otro lado, en la reuni\u00f3n se acord\u00f3 la realizaci\u00f3n de un diagn\u00f3stico de la estructura edilicia de algunos IES para trabajar en los arreglos y refacciones necesarias a trav\u00e9s del Ministerio de Hacienda y Obra P\u00fablica.<\/p>\n<p class=\"v1MsoNormal\">Adem\u00e1s, las autoridades de Gobierno comprometieron mejoras y modernizaci\u00f3n en la infraestructura de los IES, siguiendo el modelo de mejoras en escuelas de otros niveles.<\/p>\n<p class=\"v1MsoNormal\"><b>Beneficios para la comunidad educativa<\/b><\/p>\n<p class=\"v1MsoNormal\">Estas medidas beneficiar\u00e1n directamente a los alumnos de los IES, quienes podr\u00e1n acceder a una educaci\u00f3n de mayor calidad gracias a la estabilidad y la idoneidad de los docentes, as\u00ed como a las mejoras en la infraestructura de los institutos.<\/p>\n<p class=\"v1MsoNormal\"><b>Valoraci\u00f3n de la reuni\u00f3n<\/b><\/p>\n<p class=\"v1MsoNormal\">El Gobierno y los rectores coincidieron en que la reuni\u00f3n fue positiva y productiva, con intercambios de ideas y aportes para mejorar el sistema de educaci\u00f3n superior.<\/p>\n<p class=\"v1MsoNormal\">&#8220;Esta reuni\u00f3n refleja el compromiso del Gobierno con la educaci\u00f3n superior y la mejora de la calidad educativa en la provincia, lo que redundar\u00e1 en beneficio de los alumnos y de toda la comunidad educativa&#8221;, asegur\u00f3 el ministro Rosales.<\/p>\n","protected":false},"excerpt":{"rendered":"<p>El gobernador Ra\u00fal Jalil, acompa\u00f1ado por los ministros de Educaci\u00f3n, Nicol\u00e1s Rosales Matienzo, y de Trabajo, Planificaci\u00f3n y Recursos Humanos, Ver\u00f3nica Soria, se reuni\u00f3 con rectores de Institutos de Educaci\u00f3n Superior (IES) de toda la provincia. En el encuentro, se discuti\u00f3 la planificaci\u00f3n del trabajo de los institutos para el resto del a\u00f1o y se [&hellip;]<\/p>\n","protected":false},"author":2,"featured_media":3895,"comment_status":"open","ping_status":"open","sticky":false,"template":"","format":"standard","meta":{"footnotes":""},"categories":[23,20],"tags":[],"class_list":{"0":"post-3894","1":"post","2":"type-post","3":"status-publish","4":"format-standard","5":"has-post-thumbnail","7":"category-destacados","8":"category-sociedad"},"aioseo_notices":[],"_links":{"self":[{"href":"https:\/\/elfaroonline.com.ar\/index.php\/wp-json\/wp\/v2\/posts\/3894","targetHints":{"allow":["GET"]}}],"collection":[{"href":"https:\/\/elfaroonline.com.ar\/index.php\/wp-json\/wp\/v2\/posts"}],"about":[{"href":"https:\/\/elfaroonline.com.ar\/index.php\/wp-json\/wp\/v2\/types\/post"}],"author":[{"embeddable":true,"href":"https:\/\/elfaroonline.com.ar\/index.php\/wp-json\/wp\/v2\/users\/2"}],"replies":[{"embeddable":true,"href":"https:\/\/elfaroonline.com.ar\/index.php\/wp-json\/wp\/v2\/comments?post=3894"}],"version-history":[{"count":1,"href":"https:\/\/elfaroonline.com.ar\/index.php\/wp-json\/wp\/v2\/posts\/3894\/revisions"}],"predecessor-version":[{"id":3896,"href":"https:\/\/elfaroonline.com.ar\/index.php\/wp-json\/wp\/v2\/posts\/3894\/revisions\/3896"}],"wp:featuredmedia":[{"embeddable":true,"href":"https:\/\/elfaroonline.com.ar\/index.php\/wp-json\/wp\/v2\/media\/3895"}],"wp:attachment":[{"href":"https:\/\/elfaroonline.com.ar\/index.php\/wp-json\/wp\/v2\/media?parent=3894"}],"wp:term":[{"taxonomy":"category","embeddable":true,"href":"https:\/\/elfaroonline.com.ar\/index.php\/wp-json\/wp\/v2\/categories?post=3894"},{"taxonomy":"post_tag","embeddable":true,"href":"https:\/\/elfaroonline.com.ar\/index.php\/wp-json\/wp\/v2\/tags?post=3894"}],"curies":[{"name":"wp","href":"https:\/\/api.w.org\/{rel}","templated":true}]}}