{"id":3903,"date":"2025-06-17T11:00:23","date_gmt":"2025-06-17T14:00:23","guid":{"rendered":"https:\/\/elfaroonline.com.ar\/?p=3903"},"modified":"2025-06-17T11:00:23","modified_gmt":"2025-06-17T14:00:23","slug":"confecat-instalo-sistema-fotovoltaico-para-producir-energia-renovable-y-reducir-la-huella-de-carbono","status":"publish","type":"post","link":"https:\/\/elfaroonline.com.ar\/index.php\/2025\/06\/17\/confecat-instalo-sistema-fotovoltaico-para-producir-energia-renovable-y-reducir-la-huella-de-carbono\/","title":{"rendered":"Confecat instal\u00f3 sistema fotovoltaico para producir energ\u00eda renovable y reducir la huella de carbono"},"content":{"rendered":"<p class=\"v1MsoNormal\">El gobernador Ra\u00fal Jalil y el intendente Gustavo Saadi acompa\u00f1aron al presidente de Confecat S.A., Carlos Muia, en la inauguraci\u00f3n del nuevo sistema de energ\u00eda a trav\u00e9s de paneles solares en el complejo fabril ubicado en Avenida Presidente Castillo.<\/p>\n<p class=\"v1MsoNormal\">En la oportunidad, las autoridades, junto a directivos empresariales, destacaron el impacto de esta obra, que permitir\u00e1, entre otros aspectos, fortalecer el sistema de producci\u00f3n de la empresa a trav\u00e9s de energ\u00edas renovables, reducir costos y la huella de carbono que emite la f\u00e1brica, dando cumplimiento a lo previsto en la Ley Provincial N\u00b05.880, sancionada por la provincia en diciembre de 2024.<\/p>\n<p class=\"v1MsoNormal\">Tras la presentaci\u00f3n del nuevo sistema, el gobernador Ra\u00fal Jalil dej\u00f3 en claro que el objetivo es trabajar para que Catamarca tenga m\u00e1s energ\u00edas limpias. &#8220;Este es el desaf\u00edo, que m\u00e1s de nuestras empresas puedan acceder a cr\u00e9ditos, con tasas especiales, para proyectos renovables. Estamos en uno de los mejores lugares del mundo para producir energ\u00eda solar y eso lo debemos aprovechar&#8221;, sostuvo el mandatario.<\/p>\n<p class=\"v1MsoNormal\">A su turno, Carlos Muia agradeci\u00f3 el apoyo y las oportunidades que ofrece el Gobierno de Catamarca: &#8220;Gracias a que la Provincia tiene como agente financiero al Banco Naci\u00f3n pudimos acceder a este cr\u00e9dito que atiende las necesidades que tiene la industria catamarque\u00f1a&#8221;.<\/p>\n<p class=\"v1MsoNormal\">El sistema de energ\u00eda fotovoltaico cont\u00f3 con una inversi\u00f3n de 400 millones de pesos, obtenidos a trav\u00e9s de un cr\u00e9dito en el Bando Naci\u00f3n, que permiti\u00f3 la instalaci\u00f3n de 598 paneles de 585w cada uno, posibilitando alcanzar una potencia instalada en paneles de 350 kw que representa un tercio de la potencia contratada a la empresa EC Sapem.<\/p>\n<p class=\"v1MsoNormal\">Cabe mencionar que, con la planta fabril parada durante s\u00e1bado, domingo, feriado y horario no laboral, se inyectan al sistema 9.528 kwh anuales, equivalente a treinta y un viviendas familiares. De esta manera, lo planificado se encuentra en lo establecido en la ley N\u00b027.191 de Producci\u00f3n de Energ\u00eda Renovable.<\/p>\n","protected":false},"excerpt":{"rendered":"<p>El gobernador Ra\u00fal Jalil y el intendente Gustavo Saadi acompa\u00f1aron al presidente de Confecat S.A., Carlos Muia, en la inauguraci\u00f3n del nuevo sistema de energ\u00eda a trav\u00e9s de paneles solares en el complejo fabril ubicado en Avenida Presidente Castillo. En la oportunidad, las autoridades, junto a directivos empresariales, destacaron el impacto de esta obra, que [&hellip;]<\/p>\n","protected":false},"author":2,"featured_media":3904,"comment_status":"open","ping_status":"open","sticky":false,"template":"","format":"standard","meta":{"footnotes":""},"categories":[23,21],"tags":[],"class_list":{"0":"post-3903","1":"post","2":"type-post","3":"status-publish","4":"format-standard","5":"has-post-thumbnail","7":"category-destacados","8":"category-politica"},"aioseo_notices":[],"_links":{"self":[{"href":"https:\/\/elfaroonline.com.ar\/index.php\/wp-json\/wp\/v2\/posts\/3903","targetHints":{"allow":["GET"]}}],"collection":[{"href":"https:\/\/elfaroonline.com.ar\/index.php\/wp-json\/wp\/v2\/posts"}],"about":[{"href":"https:\/\/elfaroonline.com.ar\/index.php\/wp-json\/wp\/v2\/types\/post"}],"author":[{"embeddable":true,"href":"https:\/\/elfaroonline.com.ar\/index.php\/wp-json\/wp\/v2\/users\/2"}],"replies":[{"embeddable":true,"href":"https:\/\/elfaroonline.com.ar\/index.php\/wp-json\/wp\/v2\/comments?post=3903"}],"version-history":[{"count":1,"href":"https:\/\/elfaroonline.com.ar\/index.php\/wp-json\/wp\/v2\/posts\/3903\/revisions"}],"predecessor-version":[{"id":3905,"href":"https:\/\/elfaroonline.com.ar\/index.php\/wp-json\/wp\/v2\/posts\/3903\/revisions\/3905"}],"wp:featuredmedia":[{"embeddable":true,"href":"https:\/\/elfaroonline.com.ar\/index.php\/wp-json\/wp\/v2\/media\/3904"}],"wp:attachment":[{"href":"https:\/\/elfaroonline.com.ar\/index.php\/wp-json\/wp\/v2\/media?parent=3903"}],"wp:term":[{"taxonomy":"category","embeddable":true,"href":"https:\/\/elfaroonline.com.ar\/index.php\/wp-json\/wp\/v2\/categories?post=3903"},{"taxonomy":"post_tag","embeddable":true,"href":"https:\/\/elfaroonline.com.ar\/index.php\/wp-json\/wp\/v2\/tags?post=3903"}],"curies":[{"name":"wp","href":"https:\/\/api.w.org\/{rel}","templated":true}]}}