{"id":3906,"date":"2025-06-17T11:00:58","date_gmt":"2025-06-17T14:00:58","guid":{"rendered":"https:\/\/elfaroonline.com.ar\/?p=3906"},"modified":"2025-06-17T11:00:58","modified_gmt":"2025-06-17T14:00:58","slug":"comienza-la-segunda-etapa-del-programa-de-formacion-profesional-y-cultural-en-la-ruta-del-telar","status":"publish","type":"post","link":"https:\/\/elfaroonline.com.ar\/index.php\/2025\/06\/17\/comienza-la-segunda-etapa-del-programa-de-formacion-profesional-y-cultural-en-la-ruta-del-telar\/","title":{"rendered":"Comienza la segunda etapa del Programa de Formaci\u00f3n Profesional y Cultural en la Ruta del Telar"},"content":{"rendered":"<p class=\"v1MsoNormal\">Con el prop\u00f3sito de seguir fortaleciendo a los artesanos y a las comunidades que integran la Ruta del Telar, comenz\u00f3 la segunda etapa del Programa de Formaci\u00f3n Profesional y Cultural, una iniciativa impulsada por la alianza entre el Gobierno de la Provincia de Catamarca, UNESCO con el apoyo de Alwaleed Philanthropies y el Consejo Federal de Inversiones de Argentina (CFI).<\/p>\n<p class=\"v1MsoNormal\">Esta nueva fase pone el foco en la Incubadora de Proyectos, que acompa\u00f1ar\u00e1 a un total de 20 participantes: 10 seleccionados de la cohorte 1 de la Diplomatura en Tejido en Telar, dictada en articulaci\u00f3n con la Universidad Nacional de Catamarca y 10 integrantes de otras formaciones del programa, ejecutadas en el marco del Campus de Entrenamiento Laboral de Catamarca.<\/p>\n<p class=\"v1MsoNormal\">Asimismo se llevar\u00e1 adelante un programa de entrenamiento laboral para j\u00f3venes de las localidades que integran la ruta del telar que deseen capacitarse en t\u00e9cnicas<\/p>\n<p class=\"v1MsoNormal\">Los seleccionados acceder\u00e1n a instancias de formaci\u00f3n en gesti\u00f3n de negocios, herramientas de promoci\u00f3n y participaci\u00f3n en ferias nacionales e internacionales, con el objetivo de consolidar sus emprendimientos y proyectarlos hacia mercados nacionales e internacionales.<\/p>\n<p class=\"v1MsoNormal\">Adem\u00e1s, se incorporar\u00e1 el dise\u00f1o y desarrollo de un sistema con Tecnolog\u00eda Blockchain que permitir\u00e1 la trazabilidad de los productos de la Ruta del Telar, garantizando el registro de cada una de las etapas en la cadena de producci\u00f3n y promoviendo su comercializaci\u00f3n y la apertura a nuevos mercados.<\/p>\n<p class=\"v1MsoNormal\">El inicio de esta etapa cont\u00f3 con la presencia de Javier Asioli, representante en territorio del programa por parte de UNESCO y del CFI.<\/p>\n<p class=\"v1MsoNormal\">La apuesta del Ministerio de Trabajo, Planificaci\u00f3n y Recursos Humanos por esta iniciativa reafirma el compromiso del Gobierno provincial con el desarrollo econ\u00f3mico, cultural y social de los territorios, promoviendo oportunidades reales de crecimiento.<\/p>\n<p class=\"v1MsoNormal\">&#8220;Este proyecto representa una pol\u00edtica estrat\u00e9gica de desarrollo local que nos permite transformar el saber ancestral en oportunidades concretas, fortaleciendo las capacidades productivas y laborales, poniendo en valor el enorme potencial de nuestros departamentos&#8221;, destac\u00f3 la ministra de Trabajo, Planificaci\u00f3n y Recursos Humanos, Ver\u00f3nica Soria.<\/p>\n<p class=\"v1MsoNormal\"><b>La Ruta del Telar: saberes que se proyectan y se comparten<\/b><\/p>\n<p class=\"v1MsoNormal\">En el marco del fortalecimiento del programa Ruta del Telar, se avanza en la construcci\u00f3n de una herramienta fundamental para preservar y proyectar los saberes de nuestras comunidades: el Cat\u00e1logo de Tintes Naturales. Esta publicaci\u00f3n recopila el conocimiento transmitido de generaci\u00f3n en generaci\u00f3n por artesanas y artesanos del oeste catamarque\u00f1o sobre el uso de tintes naturales en la producci\u00f3n textil.<\/p>\n<p class=\"v1MsoNormal\">El cat\u00e1logo no solo documenta t\u00e9cnicas y materiales propios del entorno, sino que tambi\u00e9n pone en valor un saber ancestral profundamente ligado al territorio, a la identidad cultural y al trabajo artesanal. Su elaboraci\u00f3n busca garantizar la transmisi\u00f3n de este conocimiento a las nuevas generaciones, reconociendo su aporte a la sostenibilidad, la creatividad y la calidad de las prendas textiles que distinguen a Catamarca.<\/p>\n<p class=\"v1MsoNormal\"><b>La Ruta del Telar se exhibe en Buenos Aires<\/b><\/p>\n<p class=\"v1MsoNormal\">Como parte de esta nueva etapa del programa, la Ruta del Telar se presenta en el Palacio Libertad de la Ciudad de Buenos Aires con una muestra de tejidos y cer\u00e1micas producidos por artesanas y artesanos de Bel\u00e9n, Santa Mar\u00eda y Antofagasta de la Sierra. Esta exposici\u00f3n, que incluye venta directa al p\u00fablico, permite visibilizar el trabajo de nuestras comunidades, promover sus productos y fortalecer los lazos entre cultura, econom\u00eda regional y desarrollo con identidad. La muestra se puede visitar de mi\u00e9rcoles a domingo de 14 a 20 horas, hasta el 30 de agosto.<\/p>\n<p class=\"v1MsoNormal\"><b>Patrimonio vivo y desarrollo sostenible<\/b><\/p>\n<p class=\"v1MsoNormal\">Desde la perspectiva de UNESCO y Alwaleed Philanthropies, el desarrollo sostenible y la cultura van de la mano. La capacitaci\u00f3n en comercializaci\u00f3n, traducida en actividades concretas dentro del proyecto, apunta al desarrollo local y al arraigo de las comunidades, aportando al crecimiento socioecon\u00f3mico de las mismas.<\/p>\n","protected":false},"excerpt":{"rendered":"<p>Con el prop\u00f3sito de seguir fortaleciendo a los artesanos y a las comunidades que integran la Ruta del Telar, comenz\u00f3 la segunda etapa del Programa de Formaci\u00f3n Profesional y Cultural, una iniciativa impulsada por la alianza entre el Gobierno de la Provincia de Catamarca, UNESCO con el apoyo de Alwaleed Philanthropies y el Consejo Federal [&hellip;]<\/p>\n","protected":false},"author":2,"featured_media":3907,"comment_status":"open","ping_status":"open","sticky":false,"template":"","format":"standard","meta":{"footnotes":""},"categories":[20],"tags":[],"class_list":{"0":"post-3906","1":"post","2":"type-post","3":"status-publish","4":"format-standard","5":"has-post-thumbnail","7":"category-sociedad"},"aioseo_notices":[],"_links":{"self":[{"href":"https:\/\/elfaroonline.com.ar\/index.php\/wp-json\/wp\/v2\/posts\/3906","targetHints":{"allow":["GET"]}}],"collection":[{"href":"https:\/\/elfaroonline.com.ar\/index.php\/wp-json\/wp\/v2\/posts"}],"about":[{"href":"https:\/\/elfaroonline.com.ar\/index.php\/wp-json\/wp\/v2\/types\/post"}],"author":[{"embeddable":true,"href":"https:\/\/elfaroonline.com.ar\/index.php\/wp-json\/wp\/v2\/users\/2"}],"replies":[{"embeddable":true,"href":"https:\/\/elfaroonline.com.ar\/index.php\/wp-json\/wp\/v2\/comments?post=3906"}],"version-history":[{"count":2,"href":"https:\/\/elfaroonline.com.ar\/index.php\/wp-json\/wp\/v2\/posts\/3906\/revisions"}],"predecessor-version":[{"id":3946,"href":"https:\/\/elfaroonline.com.ar\/index.php\/wp-json\/wp\/v2\/posts\/3906\/revisions\/3946"}],"wp:featuredmedia":[{"embeddable":true,"href":"https:\/\/elfaroonline.com.ar\/index.php\/wp-json\/wp\/v2\/media\/3907"}],"wp:attachment":[{"href":"https:\/\/elfaroonline.com.ar\/index.php\/wp-json\/wp\/v2\/media?parent=3906"}],"wp:term":[{"taxonomy":"category","embeddable":true,"href":"https:\/\/elfaroonline.com.ar\/index.php\/wp-json\/wp\/v2\/categories?post=3906"},{"taxonomy":"post_tag","embeddable":true,"href":"https:\/\/elfaroonline.com.ar\/index.php\/wp-json\/wp\/v2\/tags?post=3906"}],"curies":[{"name":"wp","href":"https:\/\/api.w.org\/{rel}","templated":true}]}}