{"id":3909,"date":"2025-06-17T11:01:30","date_gmt":"2025-06-17T14:01:30","guid":{"rendered":"https:\/\/elfaroonline.com.ar\/?p=3909"},"modified":"2025-06-17T11:01:30","modified_gmt":"2025-06-17T14:01:30","slug":"integracion-regional-quedo-inaugurado-un-nuevo-tramo-de-la-ruta-entre-amaicha-y-santa-maria","status":"publish","type":"post","link":"https:\/\/elfaroonline.com.ar\/index.php\/2025\/06\/17\/integracion-regional-quedo-inaugurado-un-nuevo-tramo-de-la-ruta-entre-amaicha-y-santa-maria\/","title":{"rendered":"Integraci\u00f3n Regional: qued\u00f3 inaugurado un nuevo tramo de la ruta entre Amaicha y Santa Mar\u00eda"},"content":{"rendered":"<div dir=\"ltr\">\n<p class=\"v1MsoNormal\">Los gobernadores Ra\u00fal Jalil (Catamarca) y Osvaldo Jaldo (Tucum\u00e1n) encabezaron el acto de inauguraci\u00f3n de un nuevo tramo de la Ruta Provincial 307, que une Amaicha del Valle con Santa Mar\u00eda. La obra, de gran relevancia para el turismo, la producci\u00f3n y la integraci\u00f3n regional, se extiende por 10 kil\u00f3metros desde la rotonda de ingreso a Amaicha hasta el l\u00edmite con la provincia de Catamarca.<\/p>\n<p class=\"v1MsoNormal\">En el acto, <b>Ra\u00fal destac\u00f3 la importancia estrat\u00e9gica del corredor vial para fortalecer el v\u00ednculo entre ambas provincias y promover el desarrollo del Norte Grande<\/b>. &#8220;En estos tiempos dif\u00edciles, es fundamental apostar por la obra p\u00fablica como motor de trabajo y crecimiento. Creemos en las obras de infraestructura, en que la gente tenga empleo y en que las empresas crezcan construyendo caminos como este&#8221;, expres\u00f3.<\/p>\n<p class=\"v1MsoNormal\">Adem\u00e1s, el mandatario subray\u00f3 el impacto tur\u00edstico que tendr\u00e1 la ruta, se\u00f1alando que ser\u00e1 clave para los viajeros que transitan los Valles Calchaqu\u00edes rumbo a la puna catamarque\u00f1a. &#8220;Este corredor va a beneficiar a los motoqueros, a los turistas y a quienes recorren nuestra regi\u00f3n en busca de paisajes \u00fanicos y cultura viva&#8221;, agreg\u00f3.<\/p>\n<p class=\"v1MsoNormal\">En ese marco, Jalil felicit\u00f3 a su par tucumano por la concreci\u00f3n de la obra y asegur\u00f3 que el impacto no se limita a Amaicha y Santa Mar\u00eda, sino que tambi\u00e9n alcanzar\u00e1 a San Jos\u00e9 y a todo el oeste catamarque\u00f1o.<\/p>\n<p class=\"v1MsoNormal\">El <b>gobernador Osvaldo<\/b> Jaldo valor\u00f3 la finalizaci\u00f3n de una obra largamente esperada por las comunidades del Valle y destac\u00f3 su valor simb\u00f3lico y pol\u00edtico: &#8220;Esta no es solo una ruta que mejora la conectividad, el turismo o la seguridad vial. Es una v\u00eda que refuerza los lazos de fraternidad con nuestros hermanos catamarque\u00f1os&#8221;, afirm\u00f3.<\/p>\n<p class=\"v1MsoNormal\">Jaldo tambi\u00e9n remarc\u00f3 el compromiso de las provincias del Norte Grande para sostener la obra p\u00fablica con fondos propios ante el retiro de aportes nacionales. &#8220;Con Ra\u00fal Jalil y otros gobernadores seguimos planificando e invirtiendo. Lo hacemos para generar empleo, para que los trabajadores de la construcci\u00f3n puedan llevar un ingreso digno a sus familias&#8221;, subray\u00f3.<\/p>\n<\/div>\n","protected":false},"excerpt":{"rendered":"<p>Los gobernadores Ra\u00fal Jalil (Catamarca) y Osvaldo Jaldo (Tucum\u00e1n) encabezaron el acto de inauguraci\u00f3n de un nuevo tramo de la Ruta Provincial 307, que une Amaicha del Valle con Santa Mar\u00eda. La obra, de gran relevancia para el turismo, la producci\u00f3n y la integraci\u00f3n regional, se extiende por 10 kil\u00f3metros desde la rotonda de ingreso [&hellip;]<\/p>\n","protected":false},"author":2,"featured_media":3910,"comment_status":"open","ping_status":"open","sticky":false,"template":"","format":"standard","meta":{"footnotes":""},"categories":[21],"tags":[],"class_list":{"0":"post-3909","1":"post","2":"type-post","3":"status-publish","4":"format-standard","5":"has-post-thumbnail","7":"category-politica"},"aioseo_notices":[],"_links":{"self":[{"href":"https:\/\/elfaroonline.com.ar\/index.php\/wp-json\/wp\/v2\/posts\/3909","targetHints":{"allow":["GET"]}}],"collection":[{"href":"https:\/\/elfaroonline.com.ar\/index.php\/wp-json\/wp\/v2\/posts"}],"about":[{"href":"https:\/\/elfaroonline.com.ar\/index.php\/wp-json\/wp\/v2\/types\/post"}],"author":[{"embeddable":true,"href":"https:\/\/elfaroonline.com.ar\/index.php\/wp-json\/wp\/v2\/users\/2"}],"replies":[{"embeddable":true,"href":"https:\/\/elfaroonline.com.ar\/index.php\/wp-json\/wp\/v2\/comments?post=3909"}],"version-history":[{"count":1,"href":"https:\/\/elfaroonline.com.ar\/index.php\/wp-json\/wp\/v2\/posts\/3909\/revisions"}],"predecessor-version":[{"id":3911,"href":"https:\/\/elfaroonline.com.ar\/index.php\/wp-json\/wp\/v2\/posts\/3909\/revisions\/3911"}],"wp:featuredmedia":[{"embeddable":true,"href":"https:\/\/elfaroonline.com.ar\/index.php\/wp-json\/wp\/v2\/media\/3910"}],"wp:attachment":[{"href":"https:\/\/elfaroonline.com.ar\/index.php\/wp-json\/wp\/v2\/media?parent=3909"}],"wp:term":[{"taxonomy":"category","embeddable":true,"href":"https:\/\/elfaroonline.com.ar\/index.php\/wp-json\/wp\/v2\/categories?post=3909"},{"taxonomy":"post_tag","embeddable":true,"href":"https:\/\/elfaroonline.com.ar\/index.php\/wp-json\/wp\/v2\/tags?post=3909"}],"curies":[{"name":"wp","href":"https:\/\/api.w.org\/{rel}","templated":true}]}}