{"id":3915,"date":"2025-06-17T11:02:31","date_gmt":"2025-06-17T14:02:31","guid":{"rendered":"https:\/\/elfaroonline.com.ar\/?p=3915"},"modified":"2025-06-17T11:02:31","modified_gmt":"2025-06-17T14:02:31","slug":"reactivaron-los-trabajos-en-la-et-ampajango-una-obra-que-triplicara-la-capacidad-energetica-de-santa-maria","status":"publish","type":"post","link":"https:\/\/elfaroonline.com.ar\/index.php\/2025\/06\/17\/reactivaron-los-trabajos-en-la-et-ampajango-una-obra-que-triplicara-la-capacidad-energetica-de-santa-maria\/","title":{"rendered":"Reactivaron los trabajos en la ET Ampajango, una obra que triplicar\u00e1 la capacidad energ\u00e9tica de Santa Mar\u00eda"},"content":{"rendered":"<p class=\"v1MsoNormal\">Durante su visita al departamento Santa Mar\u00eda, el gobernador Ra\u00fal Jalil recorri\u00f3 la obra de ampliaci\u00f3n de la Estaci\u00f3n Transformadora de Ampajango, un proyecto clave para el desarrollo energ\u00e9tico al departamento y a la regi\u00f3n.<\/p>\n<p class=\"v1MsoNormal\">La obra de la estaci\u00f3n transformadora fue reactivada con fondos provinciales (originalmente se iba a realizar con fondos nacionales) dada la importancia que reviste para los usuarios residenciales como para los sectores productivos de Santa Mar\u00eda.<\/p>\n<p class=\"v1MsoNormal\">Con el objetivo de triplicar la capacidad del servicio el\u00e9ctrico en el departamento, se est\u00e1 trabajando en la construcci\u00f3n de una nueva estaci\u00f3n (anexa a la actual) para instalar un nuevo transformador de 30 mva de potencia, que reemplazar\u00e1 al actual que tiene 10 mva de potencia, y ya no es suficiente para cubrir la demanda del extenso territorio con el que cuenta Santa Mar\u00eda.<\/p>\n<p class=\"v1MsoNormal\">Luis Alberto Ben\u00edtez, jefe de distrito de EC Sapem en Santa Mar\u00eda, detall\u00f3 que en unas semanas arribar\u00e1 el nuevo transformador, lo que marcar\u00e1 un paso decisivo para la puesta en marcha del sistema.<\/p>\n<p class=\"v1MsoNormal\">Asimismo, se construir\u00e1 una nueva obra civil con su sala de tableros y sus correspondientes celdas para las nuevas salidas de distribuidores en 33 kv con la capacidad necesaria para cubrir la demanda actual y futura de energ\u00eda. Esto permitir\u00e1 desarrollar redes de alta tensi\u00f3n con salidas en 132 kv y posicionar a Santa Mar\u00eda como un nodo estrat\u00e9gico para la inyecci\u00f3n de energ\u00edas renovables, especialmente a partir de futuras plantas fotovoltaicas.<\/p>\n","protected":false},"excerpt":{"rendered":"<p>Durante su visita al departamento Santa Mar\u00eda, el gobernador Ra\u00fal Jalil recorri\u00f3 la obra de ampliaci\u00f3n de la Estaci\u00f3n Transformadora de Ampajango, un proyecto clave para el desarrollo energ\u00e9tico al departamento y a la regi\u00f3n. La obra de la estaci\u00f3n transformadora fue reactivada con fondos provinciales (originalmente se iba a realizar con fondos nacionales) dada [&hellip;]<\/p>\n","protected":false},"author":2,"featured_media":3916,"comment_status":"open","ping_status":"open","sticky":false,"template":"","format":"standard","meta":{"footnotes":""},"categories":[21],"tags":[],"class_list":{"0":"post-3915","1":"post","2":"type-post","3":"status-publish","4":"format-standard","5":"has-post-thumbnail","7":"category-politica"},"aioseo_notices":[],"_links":{"self":[{"href":"https:\/\/elfaroonline.com.ar\/index.php\/wp-json\/wp\/v2\/posts\/3915","targetHints":{"allow":["GET"]}}],"collection":[{"href":"https:\/\/elfaroonline.com.ar\/index.php\/wp-json\/wp\/v2\/posts"}],"about":[{"href":"https:\/\/elfaroonline.com.ar\/index.php\/wp-json\/wp\/v2\/types\/post"}],"author":[{"embeddable":true,"href":"https:\/\/elfaroonline.com.ar\/index.php\/wp-json\/wp\/v2\/users\/2"}],"replies":[{"embeddable":true,"href":"https:\/\/elfaroonline.com.ar\/index.php\/wp-json\/wp\/v2\/comments?post=3915"}],"version-history":[{"count":1,"href":"https:\/\/elfaroonline.com.ar\/index.php\/wp-json\/wp\/v2\/posts\/3915\/revisions"}],"predecessor-version":[{"id":3917,"href":"https:\/\/elfaroonline.com.ar\/index.php\/wp-json\/wp\/v2\/posts\/3915\/revisions\/3917"}],"wp:featuredmedia":[{"embeddable":true,"href":"https:\/\/elfaroonline.com.ar\/index.php\/wp-json\/wp\/v2\/media\/3916"}],"wp:attachment":[{"href":"https:\/\/elfaroonline.com.ar\/index.php\/wp-json\/wp\/v2\/media?parent=3915"}],"wp:term":[{"taxonomy":"category","embeddable":true,"href":"https:\/\/elfaroonline.com.ar\/index.php\/wp-json\/wp\/v2\/categories?post=3915"},{"taxonomy":"post_tag","embeddable":true,"href":"https:\/\/elfaroonline.com.ar\/index.php\/wp-json\/wp\/v2\/tags?post=3915"}],"curies":[{"name":"wp","href":"https:\/\/api.w.org\/{rel}","templated":true}]}}