{"id":3919,"date":"2025-06-17T11:03:02","date_gmt":"2025-06-17T14:03:02","guid":{"rendered":"https:\/\/elfaroonline.com.ar\/?p=3919"},"modified":"2025-06-17T11:03:02","modified_gmt":"2025-06-17T14:03:02","slug":"plan-de-asfaltado-provincia-y-los-municipios-de-san-jose-y-santa-maria-acordaron-mas-obras","status":"publish","type":"post","link":"https:\/\/elfaroonline.com.ar\/index.php\/2025\/06\/17\/plan-de-asfaltado-provincia-y-los-municipios-de-san-jose-y-santa-maria-acordaron-mas-obras\/","title":{"rendered":"Plan de Asfaltado: Provincia y los municipios de San Jos\u00e9 y Santa Mar\u00eda acordaron m\u00e1s obras"},"content":{"rendered":"<p class=\"v1MsoNormal\">El gobernador Ra\u00fal Jalil y los intendentes Erica Inga (Santa Mar\u00eda) y Jos\u00e9 Antonio G\u00f3mez (San Jos\u00e9) rubricaron un convenio para dar continuidad al Plan de Asfaltado provincial en ambas jurisdicciones, con el objetivo de promover un mayor desarrollo en las comunidades locales.<\/p>\n<p class=\"v1MsoNormal\">El intendente G\u00f3mez agradeci\u00f3 a las autoridades presentes por el compromiso asumido al momento de materializar obras y trabajos a favor de la comunidad local &#8220;que demanda un trabajo de mucho sacrificio&#8221;. En San Jos\u00e9, se acord\u00f3 la obra b\u00e1sica y pavimentaci\u00f3n de 5 sectores: Barrio Felipe Varela y Barrio Virgen del Luj\u00e1n (localidad de Palo Seco); Barrio Santa Rita (localidad de La Loma); Tri\u00e1ngulo Derivador San Jos\u00e9; Barrio 24 de agosto y Barrio Blanca Barrionuevo-Casa de Piedra. En total, ser\u00e1n 1.653 metros lineales de asfaltado que representan una superficie de 10.000 metros cuadrados.<\/p>\n<p class=\"v1MsoNormal\">En lo que respecta a la ciudad de Santa Mar\u00eda, la r\u00fabrica permitir\u00e1 dar continuidad a la pavimentaci\u00f3n y repavimentaci\u00f3n de calles en Barrio Norte, Av. Circunvalaci\u00f3n, entre otros puntos de la cabecera departamental. En total, son 6.420 metros de asfaltado.<\/p>\n<p class=\"v1MsoNormal\">Como se viene implementando, el municipio local asume el compromiso de aportar el material necesario para la pavimentaci\u00f3n, mientras que el Gobierno provincial aporta mano de obra y maquinarias a trav\u00e9s de la Direcci\u00f3n de Vialidad provincial.<\/p>\n<p class=\"v1MsoNormal\">De esta manera, el Gobierno da continuidad a una l\u00ednea de trabajo que se desarrolla en distintas jurisdicciones del interior provincial, entre ellas Andalgal\u00e1, Los Altos, entre otras, dando respuestas a obras que representan una sentida necesidad para las comunidades involucradas.<\/p>\n","protected":false},"excerpt":{"rendered":"<p>El gobernador Ra\u00fal Jalil y los intendentes Erica Inga (Santa Mar\u00eda) y Jos\u00e9 Antonio G\u00f3mez (San Jos\u00e9) rubricaron un convenio para dar continuidad al Plan de Asfaltado provincial en ambas jurisdicciones, con el objetivo de promover un mayor desarrollo en las comunidades locales. El intendente G\u00f3mez agradeci\u00f3 a las autoridades presentes por el compromiso asumido [&hellip;]<\/p>\n","protected":false},"author":2,"featured_media":3920,"comment_status":"open","ping_status":"open","sticky":false,"template":"","format":"standard","meta":{"footnotes":""},"categories":[21],"tags":[],"class_list":{"0":"post-3919","1":"post","2":"type-post","3":"status-publish","4":"format-standard","5":"has-post-thumbnail","7":"category-politica"},"aioseo_notices":[],"_links":{"self":[{"href":"https:\/\/elfaroonline.com.ar\/index.php\/wp-json\/wp\/v2\/posts\/3919","targetHints":{"allow":["GET"]}}],"collection":[{"href":"https:\/\/elfaroonline.com.ar\/index.php\/wp-json\/wp\/v2\/posts"}],"about":[{"href":"https:\/\/elfaroonline.com.ar\/index.php\/wp-json\/wp\/v2\/types\/post"}],"author":[{"embeddable":true,"href":"https:\/\/elfaroonline.com.ar\/index.php\/wp-json\/wp\/v2\/users\/2"}],"replies":[{"embeddable":true,"href":"https:\/\/elfaroonline.com.ar\/index.php\/wp-json\/wp\/v2\/comments?post=3919"}],"version-history":[{"count":2,"href":"https:\/\/elfaroonline.com.ar\/index.php\/wp-json\/wp\/v2\/posts\/3919\/revisions"}],"predecessor-version":[{"id":3948,"href":"https:\/\/elfaroonline.com.ar\/index.php\/wp-json\/wp\/v2\/posts\/3919\/revisions\/3948"}],"wp:featuredmedia":[{"embeddable":true,"href":"https:\/\/elfaroonline.com.ar\/index.php\/wp-json\/wp\/v2\/media\/3920"}],"wp:attachment":[{"href":"https:\/\/elfaroonline.com.ar\/index.php\/wp-json\/wp\/v2\/media?parent=3919"}],"wp:term":[{"taxonomy":"category","embeddable":true,"href":"https:\/\/elfaroonline.com.ar\/index.php\/wp-json\/wp\/v2\/categories?post=3919"},{"taxonomy":"post_tag","embeddable":true,"href":"https:\/\/elfaroonline.com.ar\/index.php\/wp-json\/wp\/v2\/tags?post=3919"}],"curies":[{"name":"wp","href":"https:\/\/api.w.org\/{rel}","templated":true}]}}