{"id":3922,"date":"2025-06-17T11:03:38","date_gmt":"2025-06-17T14:03:38","guid":{"rendered":"https:\/\/elfaroonline.com.ar\/?p=3922"},"modified":"2025-06-17T11:03:38","modified_gmt":"2025-06-17T14:03:38","slug":"el-mapa-de-las-60-empresas-publicas-que-supervisa-el-gobierno-y-como-seran-las-primeras-privatizaciones-para-sumar-reservas","status":"publish","type":"post","link":"https:\/\/elfaroonline.com.ar\/index.php\/2025\/06\/17\/el-mapa-de-las-60-empresas-publicas-que-supervisa-el-gobierno-y-como-seran-las-primeras-privatizaciones-para-sumar-reservas\/","title":{"rendered":"El mapa de las 60 empresas p\u00fablicas que supervisa el Gobierno y c\u00f3mo ser\u00e1n las primeras privatizaciones para sumar reservas"},"content":{"rendered":"<p>Las opciones incluyen concursos p\u00fablicos, ofertas en Bolsa y concesiones, mientras bancos privados y organismos multilaterales colaboran en la organizaci\u00f3n de roadshows para captar el inter\u00e9s de inversores locales e internacionales.<\/p>\n<p class=\"paragraph\" data-mrf-recirculation=\"Links inline\">Sin embargo, el foco de la gesti\u00f3n est\u00e1 actualmente puesto en los planes espec\u00edficos de<b>privatizaci\u00f3n total, parcial, o concesi\u00f3n<\/b> para cada una de las ocho compa\u00f1\u00edas que quedaron sujetas a esos procesos tras la sanci\u00f3n de la<b> Ley Bases<\/b>. Las compa\u00f1\u00edas en cuesti\u00f3n son:<b> <\/b>Enarsa, Nucleoel\u00e9ctrica, Yacimientos Carbon\u00edferos R\u00edo Turbio, Intercargo, AySA, Trenes Argentinos, Belgrano Cargas y Corredores Viales.<\/p>\n<div class=\"inline ad-wrapper\">\n<div class=\"dfpAd ad-inline\">\n<div id=\"infobae\/economia\/nota\/inline\" class=\"infobae\/economia\/nota\/inline arcad\" data-google-query-id=\"CIiTvejR9I0DFctZuAQdmCkagg\">El proceso privatizador es llevado adelante por <b>Diego Chaher<\/b>, director de la Agencia de Transformaci\u00f3n de Empresas P\u00fablicas, y cuenta con la atenci\u00f3n especial del ministro de Econom\u00eda, <b>Luis Caputo<\/b>.<\/div>\n<div data-google-query-id=\"CIiTvejR9I0DFctZuAQdmCkagg\">\n<p class=\"paragraph\" data-mrf-recirculation=\"Links inline\">\u201cVa a haber venta de activos por miles de d\u00f3lares\u201d, dijo Caputo la \u00faltima semana durante su participaci\u00f3n en el programa de <i>streaming<\/i> Carajo como un ejemplo de c\u00f3mo se generar\u00edan ingresos a las reservas al Banco Central de la Rep\u00fablica Argentina (BCRA)<b> <\/b>sin que el ente monetario tenga que compar en el mercado de cambios.<\/p>\n<p class=\"paragraph\" data-mrf-recirculation=\"Links inline\">Las opciones para llevar adelante estas privatizaciones incluyen tres modelos, que podr\u00edan aplicarse de forma individual o simult\u00e1nea:<\/p>\n<ol class=\"list\" data-icon=\"\u2b24\">\n<li data-icon=\"\u2b24\"><b>La venta de acciones<\/b> a trav\u00e9s de <b>concursos p\u00fablicos<\/b>, abiertos tanto a oferentes locales como internacionales, en un esquema similar al de <b>fusiones y adquisiciones<\/b>;<\/li>\n<li data-icon=\"\u2b24\">Realizar una<b> Oferta P\u00fablica de Venta (OPV)<\/b>en <b>Bolsa<\/b>; y<\/li>\n<li data-icon=\"\u2b24\"><b>Concesionar las actividades de la empresa<\/b>para finalmente dar de baja su CUIT, cerrando as\u00ed la compa\u00f1\u00eda.<\/li>\n<\/ol>\n<p class=\"paragraph\" data-mrf-recirculation=\"Links inline\">En el Gobierno saben que a\u00fan deben despejar inc\u00f3gnitas para los posibles compradores o concesionarios, a pesar del inter\u00e9s que despierta Milei, su motosierra y su agenda promercado.<\/p>\n<p class=\"paragraph\" data-mrf-recirculation=\"Links inline\">Entre los factores que generan dudas se encuentran la continuidad del orden macroecon\u00f3mico, la posici\u00f3n de reservas del pa\u00eds, la viabilidad de las reformas impulsadas por el oficialismo y el resultado de las elecciones de medio t\u00e9rmino.<b> <\/b>Hay bancos privados y organismos multilaterales que ya est\u00e1n trabajando con funcionarios para organizar <i>roadshows <\/i>con inversores.<\/p>\n<p class=\"paragraph\" data-mrf-recirculation=\"Links inline\">Seg\u00fan pudo confirmar <b>Infobae<\/b>, hay al menos tres casos en los que se avanzar\u00e1 pronto. El m\u00e1s avanzado tiene que ver con la licitaci\u00f3n de las cuatro centrales hidroel\u00e9ctricas del Comahue (<b>Alicur\u00e1<\/b>, <b>El Choc\u00f3n-Arroyito<\/b>,<b> Cerros Colorados <\/b>y <b>Piedra del \u00c1guila<\/b>), cuyas concesiones vencen a mediados de agosto.<\/p>\n<p class=\"paragraph\" data-mrf-recirculation=\"Links inline\">Entre los factores que generan dudas se encuentran la continuidad del orden macroecon\u00f3mico, la posici\u00f3n de reservas del pa\u00eds, la viabilidad de las reformas impulsadas por el oficialismo y el resultado de las elecciones de medio t\u00e9rmino.<b> <\/b>Hay bancos privados y organismos multilaterales que ya est\u00e1n trabajando con funcionarios para organizar <i>roadshows <\/i>con inversores.<\/p>\n<p class=\"paragraph\" data-mrf-recirculation=\"Links inline\">Seg\u00fan pudo confirmar <b>Infobae<\/b>, hay al menos tres casos en los que se avanzar\u00e1 pronto. El m\u00e1s avanzado tiene que ver con la licitaci\u00f3n de las cuatro centrales hidroel\u00e9ctricas del Comahue (<b>Alicur\u00e1<\/b>, <b>El Choc\u00f3n-Arroyito<\/b>,<b> Cerros Colorados <\/b>y <b>Piedra del \u00c1guila<\/b>), cuyas concesiones vencen a mediados de agosto.<\/p>\n<\/div>\n<\/div>\n<\/div>\n","protected":false},"excerpt":{"rendered":"<p>Las opciones incluyen concursos p\u00fablicos, ofertas en Bolsa y concesiones, mientras bancos privados y organismos multilaterales colaboran en la organizaci\u00f3n de roadshows para captar el inter\u00e9s de inversores locales e internacionales. Sin embargo, el foco de la gesti\u00f3n est\u00e1 actualmente puesto en los planes espec\u00edficos deprivatizaci\u00f3n total, parcial, o concesi\u00f3n para cada una de las [&hellip;]<\/p>\n","protected":false},"author":2,"featured_media":3923,"comment_status":"open","ping_status":"open","sticky":false,"template":"","format":"standard","meta":{"footnotes":""},"categories":[22],"tags":[],"class_list":{"0":"post-3922","1":"post","2":"type-post","3":"status-publish","4":"format-standard","5":"has-post-thumbnail","7":"category-nacionales"},"aioseo_notices":[],"_links":{"self":[{"href":"https:\/\/elfaroonline.com.ar\/index.php\/wp-json\/wp\/v2\/posts\/3922","targetHints":{"allow":["GET"]}}],"collection":[{"href":"https:\/\/elfaroonline.com.ar\/index.php\/wp-json\/wp\/v2\/posts"}],"about":[{"href":"https:\/\/elfaroonline.com.ar\/index.php\/wp-json\/wp\/v2\/types\/post"}],"author":[{"embeddable":true,"href":"https:\/\/elfaroonline.com.ar\/index.php\/wp-json\/wp\/v2\/users\/2"}],"replies":[{"embeddable":true,"href":"https:\/\/elfaroonline.com.ar\/index.php\/wp-json\/wp\/v2\/comments?post=3922"}],"version-history":[{"count":1,"href":"https:\/\/elfaroonline.com.ar\/index.php\/wp-json\/wp\/v2\/posts\/3922\/revisions"}],"predecessor-version":[{"id":3924,"href":"https:\/\/elfaroonline.com.ar\/index.php\/wp-json\/wp\/v2\/posts\/3922\/revisions\/3924"}],"wp:featuredmedia":[{"embeddable":true,"href":"https:\/\/elfaroonline.com.ar\/index.php\/wp-json\/wp\/v2\/media\/3923"}],"wp:attachment":[{"href":"https:\/\/elfaroonline.com.ar\/index.php\/wp-json\/wp\/v2\/media?parent=3922"}],"wp:term":[{"taxonomy":"category","embeddable":true,"href":"https:\/\/elfaroonline.com.ar\/index.php\/wp-json\/wp\/v2\/categories?post=3922"},{"taxonomy":"post_tag","embeddable":true,"href":"https:\/\/elfaroonline.com.ar\/index.php\/wp-json\/wp\/v2\/tags?post=3922"}],"curies":[{"name":"wp","href":"https:\/\/api.w.org\/{rel}","templated":true}]}}