{"id":3932,"date":"2025-06-17T11:05:45","date_gmt":"2025-06-17T14:05:45","guid":{"rendered":"https:\/\/elfaroonline.com.ar\/?p=3932"},"modified":"2025-06-17T11:05:45","modified_gmt":"2025-06-17T14:05:45","slug":"cristina-kirchner-volvio-a-saludar-a-la-militancia-desde-el-balcon-de-su-casa-tras-el-desalojo-de-la-policia-de-la-ciudad","status":"publish","type":"post","link":"https:\/\/elfaroonline.com.ar\/index.php\/2025\/06\/17\/cristina-kirchner-volvio-a-saludar-a-la-militancia-desde-el-balcon-de-su-casa-tras-el-desalojo-de-la-policia-de-la-ciudad\/","title":{"rendered":"Cristina Kirchner volvi\u00f3 a saludar a la militancia desde el balc\u00f3n de su casa tras el desalojo de la Polic\u00eda de la Ciudad"},"content":{"rendered":"<p>La expresidenta sali\u00f3 para contactarse con sus seguidores que se reunieron en las afueras del departamento ubicado en la calle San Jos\u00e9. Esta madrugada, un operativo retir\u00f3 a los manifestantes que acampaban frente al domicilio.<\/p>\n<p class=\"paragraph\" data-mrf-recirculation=\"Links inline\">Fuentes oficiales indicaron que el procedimiento se desarroll\u00f3 sin incidentes ni represi\u00f3n. <b>\u201cNo se reprimi\u00f3 a nadie. Se limpi\u00f3 la zona y se fueron\u201d, <\/b>aseguraron voceros policiales consultados por <b>Infobae.<\/b><\/p>\n<p class=\"paragraph\" data-mrf-recirculation=\"Links inline\">El operativo cont\u00f3 con la presencia de <b>160 efectivos<\/b> que retiraron carpas, banderas y estructuras que estaban instaladas sobre la v\u00eda p\u00fablica. No se reportaron ni enfrentamientos ni detonaciones.<\/p>\n<p data-mrf-recirculation=\"Links inline\">Pasadas las 3 de la ma\u00f1ana, ya no quedaban efectivos en el lugar y la circulaci\u00f3n vehicular hab\u00eda sido restablecida. Seg\u00fan las autoridades, el despliegue fue motivado por la necesidad de \u201cliberar el espacio p\u00fablico\u201d y <b>se realiz\u00f3 de forma sorpresiva para evitar disturbios.<\/b><\/p>\n<p class=\"paragraph\" data-mrf-recirculation=\"Links inline\">Todo esto se da en la previa de la presentaci\u00f3n que har\u00e1 ante la Justicia el pr\u00f3ximo mi\u00e9rcoles, cuando CFK vaya a los tribunales de <b>Comodoro Py<\/b> para \u201cestar a derecho\u201d. La ex mandataria lo confirm\u00f3 a trav\u00e9s de sus redes sociales con un escrito que public\u00f3 ratificando su pedido de cumplir con la prisi\u00f3n domiciliaria en su casa y en el que apunt\u00f3 contra el m\u00e1ximo tribunal.<\/p>\n<p class=\"paragraph\" data-mrf-recirculation=\"Links inline\">\u201cEl martes, cuando <b>el Triunvirato t\u00edtere que funge como ficci\u00f3n de Corte Suprema <\/b>de Justicia cumpli\u00f3 la <b>orden de proscripci\u00f3n del poder econ\u00f3mico contra mi persona<\/b>, poni\u00e9ndole un <b>cepo al voto popular<\/b>, mis abogados presentaron ante el Tribunal Oral Nro. 2 solicitud de detenci\u00f3n domiciliaria en mi casa, en el barrio de Monserrat&#8221;, escribi\u00f3.<\/p>\n<p class=\"paragraph\" data-mrf-recirculation=\"Links inline\">En el mismo escrito, la titular del Partido Justicialista (PJ) adujo razones \u201c<b>institucionales<\/b>\u201d, despu\u00e9s de haber sido Presidenta durante dos per\u00edodos consecutivos. \u201c<b>Debo contar con custodia de por vida: es obligatoria y no puedo sustraerme voluntariamente de ella<\/b>\u201d, remarc\u00f3, antes de apuntar que esta protecci\u00f3n es necesaria debido a \u201clos <b>riesgos <\/b>a los que se ven expuestos quienes han desempe\u00f1ado la primera magistratura\u201d.<\/p>\n<p class=\"paragraph\" data-mrf-recirculation=\"Links inline\">En la presentaci\u00f3n formal de los abogados de la ex vicepresidenta, que CFK subi\u00f3 a las redes, se detallan los <b>argumentos legales y f\u00e1cticos<\/b> que sustentan la solicitud de detenci\u00f3n domiciliaria. Entre ellos, se destaca la necesidad de garantizar la integridad f\u00edsica de la ex mandataria en un contexto de amenazas persistentes y la obligaci\u00f3n legal de mantener la custodia presidencial.<\/p>\n<p class=\"paragraph\" data-mrf-recirculation=\"Links inline\">\u201cLas condiciones de seguridad que deber\u00edan ser impuestas a Cristina Fern\u00e1ndez de Kirchner dentro de una <b>instituci\u00f3n carcelaria <\/b>conllevan a eliminar la posibilidad de que la ex Presidenta de la Naci\u00f3n <b>comparta lugares comunes con otros internos<\/b> y que sea sometida a un sistema de <b>supervisi\u00f3n continua<\/b>\u201d, argumenta la defensa. \u201cEn otras palabras, se le deber\u00eda imponer a nuestra defendida un<b> r\u00e9gimen de aislamiento absoluto y de vigilancia permanente<\/b>, medidas que resultan <b>incompatibles<\/b> con los est\u00e1ndares constitucionales y convencionales que rigen en materia de ejecuci\u00f3n penal, los cuales proh\u00edben que las personas privadas de su libertad ambulatoria sean sometidas a tratos crueles o inhumanos\u201d, advierten.<\/p>\n<p class=\"paragraph\" data-mrf-recirculation=\"Links inline\">En la misma sinton\u00eda, Cristina Kirchner record\u00f3 que el 1 de septiembre de 2022 fue \u201cobjeto de un intento de magnicidio\u201d, incidente que -consider\u00f3 fue parte de \u201c<b>la etapa final del engendro pol\u00edtico-electoral conocido como \u2018Vialidad\u2019<\/b>\u201d.<\/p>\n<p class=\"paragraph\" data-mrf-recirculation=\"Links inline\">\u201c<b>La bala no sali\u00f3 por un verdadero y aut\u00e9ntico milagro<\/b>\u201d, se\u00f1al\u00f3 la ex mandataria, quien de inmediato cuestion\u00f3 la demora de los jueces en determinar las responsabilidades del hecho: \u201c<b>El Partido Judicial no ha querido avanzar respecto de los autores intelectuales y los apoyos econ\u00f3micos<\/b>\u201d.<\/p>\n","protected":false},"excerpt":{"rendered":"<p>La expresidenta sali\u00f3 para contactarse con sus seguidores que se reunieron en las afueras del departamento ubicado en la calle San Jos\u00e9. Esta madrugada, un operativo retir\u00f3 a los manifestantes que acampaban frente al domicilio. Fuentes oficiales indicaron que el procedimiento se desarroll\u00f3 sin incidentes ni represi\u00f3n. \u201cNo se reprimi\u00f3 a nadie. Se limpi\u00f3 la [&hellip;]<\/p>\n","protected":false},"author":2,"featured_media":3933,"comment_status":"open","ping_status":"open","sticky":false,"template":"","format":"standard","meta":{"footnotes":""},"categories":[22],"tags":[],"class_list":{"0":"post-3932","1":"post","2":"type-post","3":"status-publish","4":"format-standard","5":"has-post-thumbnail","7":"category-nacionales"},"aioseo_notices":[],"_links":{"self":[{"href":"https:\/\/elfaroonline.com.ar\/index.php\/wp-json\/wp\/v2\/posts\/3932","targetHints":{"allow":["GET"]}}],"collection":[{"href":"https:\/\/elfaroonline.com.ar\/index.php\/wp-json\/wp\/v2\/posts"}],"about":[{"href":"https:\/\/elfaroonline.com.ar\/index.php\/wp-json\/wp\/v2\/types\/post"}],"author":[{"embeddable":true,"href":"https:\/\/elfaroonline.com.ar\/index.php\/wp-json\/wp\/v2\/users\/2"}],"replies":[{"embeddable":true,"href":"https:\/\/elfaroonline.com.ar\/index.php\/wp-json\/wp\/v2\/comments?post=3932"}],"version-history":[{"count":1,"href":"https:\/\/elfaroonline.com.ar\/index.php\/wp-json\/wp\/v2\/posts\/3932\/revisions"}],"predecessor-version":[{"id":3934,"href":"https:\/\/elfaroonline.com.ar\/index.php\/wp-json\/wp\/v2\/posts\/3932\/revisions\/3934"}],"wp:featuredmedia":[{"embeddable":true,"href":"https:\/\/elfaroonline.com.ar\/index.php\/wp-json\/wp\/v2\/media\/3933"}],"wp:attachment":[{"href":"https:\/\/elfaroonline.com.ar\/index.php\/wp-json\/wp\/v2\/media?parent=3932"}],"wp:term":[{"taxonomy":"category","embeddable":true,"href":"https:\/\/elfaroonline.com.ar\/index.php\/wp-json\/wp\/v2\/categories?post=3932"},{"taxonomy":"post_tag","embeddable":true,"href":"https:\/\/elfaroonline.com.ar\/index.php\/wp-json\/wp\/v2\/tags?post=3932"}],"curies":[{"name":"wp","href":"https:\/\/api.w.org\/{rel}","templated":true}]}}