{"id":3935,"date":"2025-06-17T11:06:22","date_gmt":"2025-06-17T14:06:22","guid":{"rendered":"https:\/\/elfaroonline.com.ar\/?p=3935"},"modified":"2025-06-17T11:06:22","modified_gmt":"2025-06-17T14:06:22","slug":"una-realidad-se-culmino-la-pavimentacion-de-la-ruta-2-en-san-antonio-icano","status":"publish","type":"post","link":"https:\/\/elfaroonline.com.ar\/index.php\/2025\/06\/17\/una-realidad-se-culmino-la-pavimentacion-de-la-ruta-2-en-san-antonio-icano\/","title":{"rendered":"Una realidad: se culmin\u00f3 la pavimentaci\u00f3n de la Ruta 2 en San Antonio-Ica\u00f1o"},"content":{"rendered":"<p class=\"v1MsoNormal\"><i><span lang=\"ES\">La obra, que forma parte del Corredor Este, se finaliz\u00f3 con fondos provinciales. <\/span><\/i><\/p>\n<p class=\"v1MsoNormal\"><span lang=\"ES\">El Gobierno de Catamarca concluy\u00f3 la obra de pavimentaci\u00f3n de Ruta Provincial N\u00b02 en el tramo que va desde San Antonio de La Paz a Ica\u00f1o, en una longitud de 22 kil\u00f3metros. <\/span><\/p>\n<p class=\"v1MsoNormal\"><span lang=\"ES\">La intervenci\u00f3n vial se concret\u00f3 con fondos provinciales, por decisi\u00f3n del gobernador Ra\u00fal Jalil, dando respuesta al pedido de vecinos e intendentes del Este catamarque\u00f1o que consideran fundamental esta v\u00eda para la conectividad, el desarrollo productivo y tur\u00edstico de la zona. <\/span><\/p>\n<p class=\"v1MsoNormal\"><span lang=\"ES\">El tramo forma parte del plan estrat\u00e9gico de recuperaci\u00f3n y pavimentaci\u00f3n de rutas provinciales que se desarrolla con el prop\u00f3sito de fortalecer la infraestructura vial y promover el desarrollo del interior provincial. <\/span><\/p>\n<p class=\"v1MsoNormal\"><span lang=\"ES\">Con la culminaci\u00f3n del tramo San Antonio-Ica\u00f1o, ahora los equipos y personal de Vialidad Provincial avanzar\u00e1 con la repavimentaci\u00f3n del tramo que se extiende desde el Puente de Anquincila hasta el empalme con la Ruta Provincial N\u00b013, en cercan\u00edas de El Portezuelo. Se trata de m\u00e1s de 18 kil\u00f3metros de obra que incluir\u00e1 levantamiento total de la carpeta asf\u00e1ltica existente, construcci\u00f3n de una nueva base estructural y posterior repavimentaci\u00f3n.<\/span><\/p>\n<p class=\"v1MsoNormal\"><span lang=\"ES\">Por \u00faltimo, hay que recordar que, paralelamente, el Gobierno Provincial contin\u00faa con la pavimentaci\u00f3n de la Ruta Provincial N\u00b042 entre El Alto y la Cumbre del Portezuelo que se espera est\u00e9 finalizada en el mes de julio.\u00a0<\/span><\/p>\n","protected":false},"excerpt":{"rendered":"<p>La obra, que forma parte del Corredor Este, se finaliz\u00f3 con fondos provinciales. El Gobierno de Catamarca concluy\u00f3 la obra de pavimentaci\u00f3n de Ruta Provincial N\u00b02 en el tramo que va desde San Antonio de La Paz a Ica\u00f1o, en una longitud de 22 kil\u00f3metros. La intervenci\u00f3n vial se concret\u00f3 con fondos provinciales, por decisi\u00f3n [&hellip;]<\/p>\n","protected":false},"author":2,"featured_media":3936,"comment_status":"open","ping_status":"open","sticky":false,"template":"","format":"standard","meta":{"footnotes":""},"categories":[23,21],"tags":[],"class_list":{"0":"post-3935","1":"post","2":"type-post","3":"status-publish","4":"format-standard","5":"has-post-thumbnail","7":"category-destacados","8":"category-politica"},"aioseo_notices":[],"_links":{"self":[{"href":"https:\/\/elfaroonline.com.ar\/index.php\/wp-json\/wp\/v2\/posts\/3935","targetHints":{"allow":["GET"]}}],"collection":[{"href":"https:\/\/elfaroonline.com.ar\/index.php\/wp-json\/wp\/v2\/posts"}],"about":[{"href":"https:\/\/elfaroonline.com.ar\/index.php\/wp-json\/wp\/v2\/types\/post"}],"author":[{"embeddable":true,"href":"https:\/\/elfaroonline.com.ar\/index.php\/wp-json\/wp\/v2\/users\/2"}],"replies":[{"embeddable":true,"href":"https:\/\/elfaroonline.com.ar\/index.php\/wp-json\/wp\/v2\/comments?post=3935"}],"version-history":[{"count":1,"href":"https:\/\/elfaroonline.com.ar\/index.php\/wp-json\/wp\/v2\/posts\/3935\/revisions"}],"predecessor-version":[{"id":3937,"href":"https:\/\/elfaroonline.com.ar\/index.php\/wp-json\/wp\/v2\/posts\/3935\/revisions\/3937"}],"wp:featuredmedia":[{"embeddable":true,"href":"https:\/\/elfaroonline.com.ar\/index.php\/wp-json\/wp\/v2\/media\/3936"}],"wp:attachment":[{"href":"https:\/\/elfaroonline.com.ar\/index.php\/wp-json\/wp\/v2\/media?parent=3935"}],"wp:term":[{"taxonomy":"category","embeddable":true,"href":"https:\/\/elfaroonline.com.ar\/index.php\/wp-json\/wp\/v2\/categories?post=3935"},{"taxonomy":"post_tag","embeddable":true,"href":"https:\/\/elfaroonline.com.ar\/index.php\/wp-json\/wp\/v2\/tags?post=3935"}],"curies":[{"name":"wp","href":"https:\/\/api.w.org\/{rel}","templated":true}]}}