{"id":3953,"date":"2025-06-23T19:55:28","date_gmt":"2025-06-23T22:55:28","guid":{"rendered":"https:\/\/elfaroonline.com.ar\/?p=3953"},"modified":"2025-06-23T19:55:28","modified_gmt":"2025-06-23T22:55:28","slug":"catamarca-tendra-mas-vuelos-durante-el-poncho","status":"publish","type":"post","link":"https:\/\/elfaroonline.com.ar\/index.php\/2025\/06\/23\/catamarca-tendra-mas-vuelos-durante-el-poncho\/","title":{"rendered":"Catamarca tendr\u00e1 m\u00e1s vuelos durante El Poncho"},"content":{"rendered":"<p dir=\"ltr\">Catamarca aumentar\u00e1 la frecuencia de vuelos durante la realizaci\u00f3n de la Fiesta Nacional e Internacional del Poncho, del 18 al 27 de julio en el Predio Ferial, por gesti\u00f3n del Ministerio de Cultura, Turismo y Deporte de la provincia ante Aerol\u00edneas Argentinas.<\/p>\n<p>&nbsp;<\/p>\n<p dir=\"ltr\">A partir de la alta demanda durante la temporada de invierno y para garantizar la conectividad a\u00e9rea de la provincia en esa fecha, la empresa sumar\u00e1 cinco vuelos extra, incluyendo incluso algunos d\u00edas con tres frecuencias diarias, durante la Fiesta del Poncho.<\/p>\n<p>&nbsp;<\/p>\n<p dir=\"ltr\">&#8220;Logramos m\u00e1s vuelos que se llevar\u00e1n a cabo en un Boing 737 con capacidad para 120 pasajeros, cuando habitualmente la aeronave que suele venir tiene capacidad para 96 personas&#8221;, explic\u00f3 la secretaria de Gesti\u00f3n Tur\u00edstica, Evangelina Quar\u00edn.<\/p>\n<p>&nbsp;<\/p>\n<p dir=\"ltr\">Y sostuvo que &#8220;el acompa\u00f1amiento de la aerol\u00ednea a la solicitud que hicimos desde el Ministerio demuestra que Catamarca se ha posicionado en el mapa tur\u00edstico con la Fiesta del Poncho como destino imperdible para disfrutar durante las vacaciones de invierno&#8221;.<\/p>\n","protected":false},"excerpt":{"rendered":"<p>Catamarca aumentar\u00e1 la frecuencia de vuelos durante la realizaci\u00f3n de la Fiesta Nacional e Internacional del Poncho, del 18 al 27 de julio en el Predio Ferial, por gesti\u00f3n del Ministerio de Cultura, Turismo y Deporte de la provincia ante Aerol\u00edneas Argentinas. &nbsp; A partir de la alta demanda durante la temporada de invierno y [&hellip;]<\/p>\n","protected":false},"author":2,"featured_media":3954,"comment_status":"open","ping_status":"open","sticky":false,"template":"","format":"standard","meta":{"footnotes":""},"categories":[23,20],"tags":[],"class_list":{"0":"post-3953","1":"post","2":"type-post","3":"status-publish","4":"format-standard","5":"has-post-thumbnail","7":"category-destacados","8":"category-sociedad"},"aioseo_notices":[],"_links":{"self":[{"href":"https:\/\/elfaroonline.com.ar\/index.php\/wp-json\/wp\/v2\/posts\/3953","targetHints":{"allow":["GET"]}}],"collection":[{"href":"https:\/\/elfaroonline.com.ar\/index.php\/wp-json\/wp\/v2\/posts"}],"about":[{"href":"https:\/\/elfaroonline.com.ar\/index.php\/wp-json\/wp\/v2\/types\/post"}],"author":[{"embeddable":true,"href":"https:\/\/elfaroonline.com.ar\/index.php\/wp-json\/wp\/v2\/users\/2"}],"replies":[{"embeddable":true,"href":"https:\/\/elfaroonline.com.ar\/index.php\/wp-json\/wp\/v2\/comments?post=3953"}],"version-history":[{"count":1,"href":"https:\/\/elfaroonline.com.ar\/index.php\/wp-json\/wp\/v2\/posts\/3953\/revisions"}],"predecessor-version":[{"id":3955,"href":"https:\/\/elfaroonline.com.ar\/index.php\/wp-json\/wp\/v2\/posts\/3953\/revisions\/3955"}],"wp:featuredmedia":[{"embeddable":true,"href":"https:\/\/elfaroonline.com.ar\/index.php\/wp-json\/wp\/v2\/media\/3954"}],"wp:attachment":[{"href":"https:\/\/elfaroonline.com.ar\/index.php\/wp-json\/wp\/v2\/media?parent=3953"}],"wp:term":[{"taxonomy":"category","embeddable":true,"href":"https:\/\/elfaroonline.com.ar\/index.php\/wp-json\/wp\/v2\/categories?post=3953"},{"taxonomy":"post_tag","embeddable":true,"href":"https:\/\/elfaroonline.com.ar\/index.php\/wp-json\/wp\/v2\/tags?post=3953"}],"curies":[{"name":"wp","href":"https:\/\/api.w.org\/{rel}","templated":true}]}}