{"id":3956,"date":"2025-06-23T19:58:50","date_gmt":"2025-06-23T22:58:50","guid":{"rendered":"https:\/\/elfaroonline.com.ar\/?p=3956"},"modified":"2025-06-23T19:58:50","modified_gmt":"2025-06-23T22:58:50","slug":"sesion-especial-en-la-camara-de-diputados-para-el-tratamiento-de-proyectos-legislativos","status":"publish","type":"post","link":"https:\/\/elfaroonline.com.ar\/index.php\/2025\/06\/23\/sesion-especial-en-la-camara-de-diputados-para-el-tratamiento-de-proyectos-legislativos\/","title":{"rendered":"Sesi\u00f3n Especial en la C\u00e1mara de Diputados para el tratamiento de proyectos legislativos"},"content":{"rendered":"<p>&nbsp;<\/p>\n<p>La C\u00e1mara de Diputados realizar\u00e1 este martes 24 de junio una Sesi\u00f3n Especial, convocada por la presidenta del cuerpo, diputada Paola Fedeli, a solicitud del Bloque del Frente de Todos, conforme al art\u00edculo 45 del Reglamento Interno.<\/p>\n<p>La sesi\u00f3n dar\u00e1 inicio a las 10:00 horas y se tratar\u00e1n los siguientes expedientes:<\/p>\n<p>Expte. N\u00b0 187\/2025 \u2013 Decreto Acuerdo del Poder Ejecutivo Provincial sobre la modificaci\u00f3n de la Ley del Defensor del Pueblo.<\/p>\n<p>Expte. N\u00b0 182\/2025 \u2013 Decreto Acuerdo del Poder Ejecutivo Provincial sobre bancarizaci\u00f3n e implementaci\u00f3n del Sistema de Gesti\u00f3n Documental Electr\u00f3nica, en el marco de las Leyes N\u00b0 5.540 y N\u00b0 5.677.<\/p>\n<p>Expte. N\u00b0 211\/2024 \u2013 Proyecto de Ley impulsado por la diputada Adriana D\u00edaz, que propone una Ley Antidiscriminaci\u00f3n.<\/p>\n<p>La convocatoria fue formalizada mediante decreto de presidencia, y ya se encuentra publicada en el sitio web oficial de la C\u00e1mara de Diputados: diputadoscatamarca.gob.ar.<\/p>\n","protected":false},"excerpt":{"rendered":"<p>&nbsp; La C\u00e1mara de Diputados realizar\u00e1 este martes 24 de junio una Sesi\u00f3n Especial, convocada por la presidenta del cuerpo, diputada Paola Fedeli, a solicitud del Bloque del Frente de Todos, conforme al art\u00edculo 45 del Reglamento Interno. La sesi\u00f3n dar\u00e1 inicio a las 10:00 horas y se tratar\u00e1n los siguientes expedientes: Expte. N\u00b0 187\/2025 [&hellip;]<\/p>\n","protected":false},"author":2,"featured_media":3957,"comment_status":"open","ping_status":"open","sticky":false,"template":"","format":"standard","meta":{"footnotes":""},"categories":[23,21],"tags":[],"class_list":{"0":"post-3956","1":"post","2":"type-post","3":"status-publish","4":"format-standard","5":"has-post-thumbnail","7":"category-destacados","8":"category-politica"},"aioseo_notices":[],"_links":{"self":[{"href":"https:\/\/elfaroonline.com.ar\/index.php\/wp-json\/wp\/v2\/posts\/3956","targetHints":{"allow":["GET"]}}],"collection":[{"href":"https:\/\/elfaroonline.com.ar\/index.php\/wp-json\/wp\/v2\/posts"}],"about":[{"href":"https:\/\/elfaroonline.com.ar\/index.php\/wp-json\/wp\/v2\/types\/post"}],"author":[{"embeddable":true,"href":"https:\/\/elfaroonline.com.ar\/index.php\/wp-json\/wp\/v2\/users\/2"}],"replies":[{"embeddable":true,"href":"https:\/\/elfaroonline.com.ar\/index.php\/wp-json\/wp\/v2\/comments?post=3956"}],"version-history":[{"count":1,"href":"https:\/\/elfaroonline.com.ar\/index.php\/wp-json\/wp\/v2\/posts\/3956\/revisions"}],"predecessor-version":[{"id":3958,"href":"https:\/\/elfaroonline.com.ar\/index.php\/wp-json\/wp\/v2\/posts\/3956\/revisions\/3958"}],"wp:featuredmedia":[{"embeddable":true,"href":"https:\/\/elfaroonline.com.ar\/index.php\/wp-json\/wp\/v2\/media\/3957"}],"wp:attachment":[{"href":"https:\/\/elfaroonline.com.ar\/index.php\/wp-json\/wp\/v2\/media?parent=3956"}],"wp:term":[{"taxonomy":"category","embeddable":true,"href":"https:\/\/elfaroonline.com.ar\/index.php\/wp-json\/wp\/v2\/categories?post=3956"},{"taxonomy":"post_tag","embeddable":true,"href":"https:\/\/elfaroonline.com.ar\/index.php\/wp-json\/wp\/v2\/tags?post=3956"}],"curies":[{"name":"wp","href":"https:\/\/api.w.org\/{rel}","templated":true}]}}