{"id":3959,"date":"2025-06-23T20:03:04","date_gmt":"2025-06-23T23:03:04","guid":{"rendered":"https:\/\/elfaroonline.com.ar\/?p=3959"},"modified":"2025-06-23T20:03:04","modified_gmt":"2025-06-23T23:03:04","slug":"fogacat-invita-al-taller-de-la-idea-a-la-empresa-para-micropymes-y-pymes-en-etapa-inicial","status":"publish","type":"post","link":"https:\/\/elfaroonline.com.ar\/index.php\/2025\/06\/23\/fogacat-invita-al-taller-de-la-idea-a-la-empresa-para-micropymes-y-pymes-en-etapa-inicial\/","title":{"rendered":"FOGACAT invita al taller &#8220;De la idea a la empresa&#8221; para micropymes y PyMEs en etapa inicial"},"content":{"rendered":"<p class=\"v1MsoNormal\">En el marco de la Semana Internacional de las PyMEs, el Fondo de Garant\u00eda de Catamarca (FOGACAT) realizar\u00e1 el taller &#8220;De la idea a la empresa: Metodolog\u00edas para profesionalizar tu negocio&#8221;, destinado a micropymes y PyMEs en etapa de desarrollo que buscan fortalecer sus proyectos y acceder a herramientas pr\u00e1cticas para el crecimiento.<\/p>\n<p class=\"v1MsoNormal\">La actividad se llevar\u00e1 a cabo el jueves 3 de julio, de 18 a 20.30 hs, en el Nodo Tecnol\u00f3gico (Av. G\u00fcemes y Virgen del Valle, San Fernando del Valle de Catamarca).<\/p>\n<p class=\"v1MsoNormal\">El taller propone un espacio din\u00e1mico y participativo, orientado a brindar recursos concretos para la transici\u00f3n de la idea al negocio formal, impulsar el mindset emprendedor, fortalecer el networking y mejorar las capacidades de presentaci\u00f3n de proyectos.<\/p>\n<p class=\"v1MsoNormal\">Las inscripciones son online en el siguiente link:<a href=\"https:\/\/forms.gle\/i7FKLRzCVposGg28A\" target=\"_blank\" rel=\"noopener noreferrer\">https:\/\/forms.gle\/i7FKLRzCVposGg28A<\/a><\/p>\n","protected":false},"excerpt":{"rendered":"<p>En el marco de la Semana Internacional de las PyMEs, el Fondo de Garant\u00eda de Catamarca (FOGACAT) realizar\u00e1 el taller &#8220;De la idea a la empresa: Metodolog\u00edas para profesionalizar tu negocio&#8221;, destinado a micropymes y PyMEs en etapa de desarrollo que buscan fortalecer sus proyectos y acceder a herramientas pr\u00e1cticas para el crecimiento. La actividad [&hellip;]<\/p>\n","protected":false},"author":2,"featured_media":3960,"comment_status":"open","ping_status":"open","sticky":false,"template":"","format":"standard","meta":{"footnotes":""},"categories":[20],"tags":[],"class_list":{"0":"post-3959","1":"post","2":"type-post","3":"status-publish","4":"format-standard","5":"has-post-thumbnail","7":"category-sociedad"},"aioseo_notices":[],"_links":{"self":[{"href":"https:\/\/elfaroonline.com.ar\/index.php\/wp-json\/wp\/v2\/posts\/3959","targetHints":{"allow":["GET"]}}],"collection":[{"href":"https:\/\/elfaroonline.com.ar\/index.php\/wp-json\/wp\/v2\/posts"}],"about":[{"href":"https:\/\/elfaroonline.com.ar\/index.php\/wp-json\/wp\/v2\/types\/post"}],"author":[{"embeddable":true,"href":"https:\/\/elfaroonline.com.ar\/index.php\/wp-json\/wp\/v2\/users\/2"}],"replies":[{"embeddable":true,"href":"https:\/\/elfaroonline.com.ar\/index.php\/wp-json\/wp\/v2\/comments?post=3959"}],"version-history":[{"count":1,"href":"https:\/\/elfaroonline.com.ar\/index.php\/wp-json\/wp\/v2\/posts\/3959\/revisions"}],"predecessor-version":[{"id":3961,"href":"https:\/\/elfaroonline.com.ar\/index.php\/wp-json\/wp\/v2\/posts\/3959\/revisions\/3961"}],"wp:featuredmedia":[{"embeddable":true,"href":"https:\/\/elfaroonline.com.ar\/index.php\/wp-json\/wp\/v2\/media\/3960"}],"wp:attachment":[{"href":"https:\/\/elfaroonline.com.ar\/index.php\/wp-json\/wp\/v2\/media?parent=3959"}],"wp:term":[{"taxonomy":"category","embeddable":true,"href":"https:\/\/elfaroonline.com.ar\/index.php\/wp-json\/wp\/v2\/categories?post=3959"},{"taxonomy":"post_tag","embeddable":true,"href":"https:\/\/elfaroonline.com.ar\/index.php\/wp-json\/wp\/v2\/tags?post=3959"}],"curies":[{"name":"wp","href":"https:\/\/api.w.org\/{rel}","templated":true}]}}