{"id":3962,"date":"2025-06-23T20:05:21","date_gmt":"2025-06-23T23:05:21","guid":{"rendered":"https:\/\/elfaroonline.com.ar\/?p=3962"},"modified":"2025-06-23T20:05:21","modified_gmt":"2025-06-23T23:05:21","slug":"la-apertura-del-poncho-2025-ya-tiene-su-cuerpo-de-danza","status":"publish","type":"post","link":"https:\/\/elfaroonline.com.ar\/index.php\/2025\/06\/23\/la-apertura-del-poncho-2025-ya-tiene-su-cuerpo-de-danza\/","title":{"rendered":"La apertura del Poncho 2025 ya tiene su cuerpo de danza"},"content":{"rendered":"<p dir=\"ltr\">Con la participaci\u00f3n de m\u00e1s de 100 bailarines y bailarinas de distintos puntos de la provincia, se realiz\u00f3 la audici\u00f3n para conformar el cuerpo de baile que interpretar\u00e1 el cuadro de apertura de la 54\u00aa edici\u00f3n de la Fiesta Nacional del Poncho.<\/p>\n<p dir=\"ltr\">La selecci\u00f3n se realiz\u00f3 el domingo 22 de junio desde las 8.30 en el Polideportivo Capital. Las acreditaciones y preparativos comenzaron en las primeras horas del d\u00eda, dando inicio a una intensa jornada de trabajo. Pasado el mediod\u00eda, el jurado dio a conocer los nombres de los 24 bailarines y bailarinas que integrar\u00e1n el elenco. Los ensayos comenzaron esa misma tarde, marcando el inicio del proceso de preparaci\u00f3n del cuadro inaugural que se presentar\u00e1 el pr\u00f3ximo 18 de julio, en la apertura de la fiesta mayor de los catamarque\u00f1os.<\/p>\n<p dir=\"ltr\">A lo largo de la jornada, el complejo deportivo fue escenario de las audiciones, donde los y las aspirantes se presentaron en grupos para demostrar su formaci\u00f3n y versatilidad art\u00edstica. La convocatoria requer\u00eda formaci\u00f3n en danzas folcl\u00f3ricas argentinas y conocimientos de danza contempor\u00e1nea y cl\u00e1sica, lo que demand\u00f3 un alto nivel t\u00e9cnico e interpretativo en cada presentaci\u00f3n.<\/p>\n<p dir=\"ltr\">El jurado estuvo integrado por profesionales con trayectoria en el \u00e1mbito art\u00edstico y cultural, entre ellos quienes asumir\u00e1n roles clave en la direcci\u00f3n, producci\u00f3n y montaje del cuadro de apertura de la Fiesta del Poncho. Claudia Correa, del Instituto Rubinstein, estar\u00e1 a cargo de la direcci\u00f3n general del cuadro, acompa\u00f1ada por Maiv\u00e9 Rivarola y Gabriel Vega \u2014tambi\u00e9n del Rubinstein\u2014, responsables de la coordinaci\u00f3n, el montaje y la producci\u00f3n. Completaron el jurado Silvana Carsillo, maestra de Danzas Cl\u00e1sicas perteneciente a la direcci\u00f3n de Desarrollo Cultural, y Paola Morales, de la Direcci\u00f3n General de Cultura de la municipalidad de la Capital..<\/p>\n<p dir=\"ltr\">Por la tarde arranc\u00f3 el primer ensayo de los bailarines seleccionados, que ya comenzaron a darle vida a la puesta inaugural de esta nueva edici\u00f3n del Poncho.<\/p>\n<p dir=\"ltr\">Los seleccionados:<\/p>\n<p dir=\"ltr\">Agust\u00edn Carlos Enrique Molina &#8211; Fray Mamerto Esqui\u00fa<\/p>\n<p dir=\"ltr\">Luis Fabricio Fuentes &#8211; Capay\u00e1n<\/p>\n<p dir=\"ltr\">Alejandro Nicol\u00e1s Cabral &#8211; Capital<\/p>\n<p dir=\"ltr\">Nahuel Alejandro Castro Molina &#8211; Capital<\/p>\n<p dir=\"ltr\">Manuel Exequiel Castro Molina &#8211; Capital<\/p>\n<p dir=\"ltr\">Rodrigo Leonel Vargas &#8211; Santa Mar\u00eda<\/p>\n<p dir=\"ltr\">Gonzalo Elias &#8211; Capital<\/p>\n<p dir=\"ltr\">Sim\u00f3n Ezequiel Castro &#8211; Capital<\/p>\n<p dir=\"ltr\">Edgar Luciano Bay\u00f3n &#8211; Capital<\/p>\n<p dir=\"ltr\">Lucas Alexander Leyton &#8211; Capital<\/p>\n<p dir=\"ltr\">Leonardo Antonio Romero &#8211; Capital<\/p>\n<p dir=\"ltr\">Hugo Daniel Diaz &#8211; Tinogasta<\/p>\n<p dir=\"ltr\">Ulises Franco Exequiel V\u00e1zquez &#8211; Antofagasta de la Sierra (suplente)<\/p>\n<p dir=\"ltr\">Jos\u00e9 Sebasti\u00e1n Baz\u00e1n Diaz &#8211; Capital (suplente)<\/p>\n<p>&nbsp;<\/p>\n<p dir=\"ltr\">Florencia Micaela Leguizam\u00f3n &#8211; Capital<\/p>\n<p dir=\"ltr\">Salom\u00e9 Jabif &#8211; Capital<\/p>\n<p dir=\"ltr\">Camila Quinteros &#8211; Capital<\/p>\n<p dir=\"ltr\">Sofia Valentina Ocampo &#8211; Capital<\/p>\n<p dir=\"ltr\">Romina Elizabeth salvatierra &#8211; Capital<\/p>\n<p dir=\"ltr\">Paula Johana Aybar Chaile &#8211; Santa Mar\u00eda<\/p>\n<p dir=\"ltr\">Mar\u00eda Agostina Monasterio Quijano &#8211; FME<\/p>\n<p dir=\"ltr\">Mar\u00eda Montserrat Delgado \u00c1lvarez &#8211; Capital<\/p>\n<p dir=\"ltr\">Nadia Danisa Paz &#8211; Capital<\/p>\n<p dir=\"ltr\">Fernanda Giselle Figueroa &#8211; Capital<\/p>\n<p dir=\"ltr\">Mercedes Morena Miranda &#8211; Capital<\/p>\n<p dir=\"ltr\">Yuliana Camila Figueroa &#8211; Capital<\/p>\n<p dir=\"ltr\">Silvia Claribel Cisneros &#8211; Capital (suplente)<\/p>\n<p dir=\"ltr\">Camila Nazarena Naser Robledo &#8211; Valle Viejo (suplente)<\/p>\n","protected":false},"excerpt":{"rendered":"<p>Con la participaci\u00f3n de m\u00e1s de 100 bailarines y bailarinas de distintos puntos de la provincia, se realiz\u00f3 la audici\u00f3n para conformar el cuerpo de baile que interpretar\u00e1 el cuadro de apertura de la 54\u00aa edici\u00f3n de la Fiesta Nacional del Poncho. La selecci\u00f3n se realiz\u00f3 el domingo 22 de junio desde las 8.30 en [&hellip;]<\/p>\n","protected":false},"author":2,"featured_media":3963,"comment_status":"open","ping_status":"open","sticky":false,"template":"","format":"standard","meta":{"footnotes":""},"categories":[20],"tags":[],"class_list":{"0":"post-3962","1":"post","2":"type-post","3":"status-publish","4":"format-standard","5":"has-post-thumbnail","7":"category-sociedad"},"aioseo_notices":[],"_links":{"self":[{"href":"https:\/\/elfaroonline.com.ar\/index.php\/wp-json\/wp\/v2\/posts\/3962","targetHints":{"allow":["GET"]}}],"collection":[{"href":"https:\/\/elfaroonline.com.ar\/index.php\/wp-json\/wp\/v2\/posts"}],"about":[{"href":"https:\/\/elfaroonline.com.ar\/index.php\/wp-json\/wp\/v2\/types\/post"}],"author":[{"embeddable":true,"href":"https:\/\/elfaroonline.com.ar\/index.php\/wp-json\/wp\/v2\/users\/2"}],"replies":[{"embeddable":true,"href":"https:\/\/elfaroonline.com.ar\/index.php\/wp-json\/wp\/v2\/comments?post=3962"}],"version-history":[{"count":1,"href":"https:\/\/elfaroonline.com.ar\/index.php\/wp-json\/wp\/v2\/posts\/3962\/revisions"}],"predecessor-version":[{"id":3964,"href":"https:\/\/elfaroonline.com.ar\/index.php\/wp-json\/wp\/v2\/posts\/3962\/revisions\/3964"}],"wp:featuredmedia":[{"embeddable":true,"href":"https:\/\/elfaroonline.com.ar\/index.php\/wp-json\/wp\/v2\/media\/3963"}],"wp:attachment":[{"href":"https:\/\/elfaroonline.com.ar\/index.php\/wp-json\/wp\/v2\/media?parent=3962"}],"wp:term":[{"taxonomy":"category","embeddable":true,"href":"https:\/\/elfaroonline.com.ar\/index.php\/wp-json\/wp\/v2\/categories?post=3962"},{"taxonomy":"post_tag","embeddable":true,"href":"https:\/\/elfaroonline.com.ar\/index.php\/wp-json\/wp\/v2\/tags?post=3962"}],"curies":[{"name":"wp","href":"https:\/\/api.w.org\/{rel}","templated":true}]}}