{"id":3965,"date":"2025-06-23T20:07:03","date_gmt":"2025-06-23T23:07:03","guid":{"rendered":"https:\/\/elfaroonline.com.ar\/?p=3965"},"modified":"2025-06-23T20:07:03","modified_gmt":"2025-06-23T23:07:03","slug":"se-repavimentan-avenidas-en-la-capital-a-traves-del-plan-de-asfaltado-provincial","status":"publish","type":"post","link":"https:\/\/elfaroonline.com.ar\/index.php\/2025\/06\/23\/se-repavimentan-avenidas-en-la-capital-a-traves-del-plan-de-asfaltado-provincial\/","title":{"rendered":"Se repavimentan avenidas en la Capital a trav\u00e9s del Plan de Asfaltado Provincial"},"content":{"rendered":"<p class=\"v1MsoNormal\">El Gobierno de Catamarca, a trav\u00e9s de Vialidad Provincial, contin\u00faa ejecutando el Plan de Asfaltado en distintos puntos de la provincia. En la Capital, las obras se enfocan en mejorar la infraestructura vial con nuevas tecnolog\u00edas que garanticen mayor durabilidad y seguridad para los ciudadanos.<\/p>\n<p class=\"v1MsoNormal\">En avenida Mardoqueo Molina se est\u00e1 llevando adelante la repavimentaci\u00f3n con una t\u00e9cnica innovadora de micropavimentaci\u00f3n. Este sistema permite renovar completamente la superficie asf\u00e1ltica sin necesidad de remover la estructura existente, generando una capa m\u00e1s resistente y duradera, ideal para el tr\u00e1nsito cotidiano en una de las arterias m\u00e1s transitadas de la ciudad.<\/p>\n<p class=\"v1MsoNormal\">Los trabajos comprenden el tramo que va desde avenida Hip\u00f3lito Yrigoyen hacia el oeste, con m\u00e1s de 9.900 metros cuadrados intervenidos y la incorporaci\u00f3n de nueva se\u00f1alizaci\u00f3n vial.<\/p>\n<p class=\"v1MsoNormal\">En simult\u00e1neo, en la zona norte de la ciudad se avanza con la segunda etapa de repavimentaci\u00f3n de avenida Choya. Esta intervenci\u00f3n abarca m\u00e1s de 7.200 metros cuadrados desde la rotonda de avenida M\u00e9xico hasta avenida Combatientes de Malvinas. Es menester recordar que, meses atr\u00e1s, se concret\u00f3 la repavimentaci\u00f3n en avenida Choya en el tramo rotonda de Ayacucho Norte y Avenida M\u00e9xico.<\/p>\n","protected":false},"excerpt":{"rendered":"<p>El Gobierno de Catamarca, a trav\u00e9s de Vialidad Provincial, contin\u00faa ejecutando el Plan de Asfaltado en distintos puntos de la provincia. En la Capital, las obras se enfocan en mejorar la infraestructura vial con nuevas tecnolog\u00edas que garanticen mayor durabilidad y seguridad para los ciudadanos. En avenida Mardoqueo Molina se est\u00e1 llevando adelante la repavimentaci\u00f3n [&hellip;]<\/p>\n","protected":false},"author":2,"featured_media":3966,"comment_status":"open","ping_status":"open","sticky":false,"template":"","format":"standard","meta":{"footnotes":""},"categories":[23,21],"tags":[],"class_list":{"0":"post-3965","1":"post","2":"type-post","3":"status-publish","4":"format-standard","5":"has-post-thumbnail","7":"category-destacados","8":"category-politica"},"aioseo_notices":[],"_links":{"self":[{"href":"https:\/\/elfaroonline.com.ar\/index.php\/wp-json\/wp\/v2\/posts\/3965","targetHints":{"allow":["GET"]}}],"collection":[{"href":"https:\/\/elfaroonline.com.ar\/index.php\/wp-json\/wp\/v2\/posts"}],"about":[{"href":"https:\/\/elfaroonline.com.ar\/index.php\/wp-json\/wp\/v2\/types\/post"}],"author":[{"embeddable":true,"href":"https:\/\/elfaroonline.com.ar\/index.php\/wp-json\/wp\/v2\/users\/2"}],"replies":[{"embeddable":true,"href":"https:\/\/elfaroonline.com.ar\/index.php\/wp-json\/wp\/v2\/comments?post=3965"}],"version-history":[{"count":1,"href":"https:\/\/elfaroonline.com.ar\/index.php\/wp-json\/wp\/v2\/posts\/3965\/revisions"}],"predecessor-version":[{"id":3967,"href":"https:\/\/elfaroonline.com.ar\/index.php\/wp-json\/wp\/v2\/posts\/3965\/revisions\/3967"}],"wp:featuredmedia":[{"embeddable":true,"href":"https:\/\/elfaroonline.com.ar\/index.php\/wp-json\/wp\/v2\/media\/3966"}],"wp:attachment":[{"href":"https:\/\/elfaroonline.com.ar\/index.php\/wp-json\/wp\/v2\/media?parent=3965"}],"wp:term":[{"taxonomy":"category","embeddable":true,"href":"https:\/\/elfaroonline.com.ar\/index.php\/wp-json\/wp\/v2\/categories?post=3965"},{"taxonomy":"post_tag","embeddable":true,"href":"https:\/\/elfaroonline.com.ar\/index.php\/wp-json\/wp\/v2\/tags?post=3965"}],"curies":[{"name":"wp","href":"https:\/\/api.w.org\/{rel}","templated":true}]}}